{"id":26709,"date":"2024-08-30T10:20:52","date_gmt":"2024-08-30T13:20:52","guid":{"rendered":"https:\/\/radiostudiow.com.br\/site\/?p=26709"},"modified":"2025-01-31T14:58:57","modified_gmt":"2025-01-31T17:58:57","slug":"policiais-civis-de-porto-uniao-salvam-vidas-em-acidente-dramatico-em-mafra","status":"publish","type":"post","link":"https:\/\/radiostudiow.com.br\/site\/2024\/08\/30\/policiais-civis-de-porto-uniao-salvam-vidas-em-acidente-dramatico-em-mafra\/","title":{"rendered":"Policiais Civis de Porto Uni\u00e3o salvam vidas em acidente dram\u00e1tico em Mafra"},"content":{"rendered":"\n<p>Na manh\u00e3 desta quinta-feira, 29 de agosto, policiais civis de Porto Uni\u00e3o protagonizaram um ato de coragem durante, ao resgatarem v\u00edtimas de um grave acidente de tr\u00e2nsito em Mafra.<\/p>\n\n\n\n<figure class=\"wp-block-image size-full is-resized\"><img loading=\"lazy\" decoding=\"async\" width=\"900\" height=\"408\" src=\"https:\/\/radiostudiow.com.br\/site\/wp-content\/uploads\/2024\/08\/image-64.png\" alt=\"\" class=\"wp-image-26531\" style=\"width:558px;height:auto\" srcset=\"https:\/\/radiostudiow.com.br\/site\/wp-content\/uploads\/2024\/08\/image-64.png 900w, https:\/\/radiostudiow.com.br\/site\/wp-content\/uploads\/2024\/08\/image-64-300x136.png 300w, https:\/\/radiostudiow.com.br\/site\/wp-content\/uploads\/2024\/08\/image-64-768x348.png 768w\" sizes=\"auto, (max-width: 900px) 100vw, 900px\" \/><\/figure>\n\n\n\n<p>Os agentes Marcelo S. Thiago, Sidney Suter, Andr\u00e9 Capobianco e Juliana Swiderski estavam retornando de uma miss\u00e3o em Joinville quando se depararam com um ve\u00edculo em chamas na rodovia.<\/p>\n\n\n\n<p>A equipe, que participava da terceira fase da&nbsp;Opera\u00e7\u00e3o Planalto,&nbsp;uma a\u00e7\u00e3o de combate ao tr\u00e1fico de drogas em v\u00e1rias cidades de Santa Catarina e Paran\u00e1, agiu prontamente ao presenciar o acidente.<\/p>\n\n\n\n<figure class=\"wp-block-image size-full is-resized\"><img loading=\"lazy\" decoding=\"async\" width=\"720\" height=\"540\" src=\"https:\/\/radiostudiow.com.br\/site\/wp-content\/uploads\/2024\/08\/03-9.jpeg\" alt=\"\" class=\"wp-image-26744\" style=\"width:613px;height:auto\" srcset=\"https:\/\/radiostudiow.com.br\/site\/wp-content\/uploads\/2024\/08\/03-9.jpeg 720w, https:\/\/radiostudiow.com.br\/site\/wp-content\/uploads\/2024\/08\/03-9-300x225.jpeg 300w\" sizes=\"auto, (max-width: 720px) 100vw, 720px\" \/><\/figure>\n\n\n\n<p>Demonstrando bravura, os policiais arriscaram suas vidas para salvar uma adolescente que estava no banco de tr\u00e1s do ve\u00edculo em chamas.<\/p>\n\n\n\n<p>No banco da frente, estavam seus av\u00f3s, que tamb\u00e9m foram resgatados com o apoio da Pol\u00edcia Rodovi\u00e1ria Federal e do Corpo de Bombeiros, que chegaram logo ap\u00f3s a equipe de Porto Uni\u00e3o.<\/p>\n\n\n\n<figure class=\"wp-block-image size-full\"><img decoding=\"async\" src=\"https:\/\/radiostudiow.com.br\/site\/wp-content\/uploads\/2024\/04\/image-47.png\" alt=\"\" class=\"wp-image-21404\"\/><\/figure>\n\n\n\n<p>Infelizmente, a av\u00f3 da adolescente n\u00e3o resistiu aos ferimentos, mas a r\u00e1pida a\u00e7\u00e3o dos policiais civis foi crucial para salvar a vida da jovem.&nbsp;Os agentes, que tamb\u00e9m s\u00e3o atletas de jiu-jitsu da equipe&nbsp;<em>Gracie Barra Uni\u00e3o<\/em>, demonstraram que o treinamento f\u00edsico e a prepara\u00e7\u00e3o constante s\u00e3o essenciais para a efici\u00eancia em situa\u00e7\u00f5es de emerg\u00eancia.<\/p>\n\n\n\n<figure class=\"wp-block-image size-full\"><img loading=\"lazy\" decoding=\"async\" width=\"720\" height=\"540\" src=\"https:\/\/radiostudiow.com.br\/site\/wp-content\/uploads\/2024\/08\/05-6.jpeg\" alt=\"\" class=\"wp-image-26745\" srcset=\"https:\/\/radiostudiow.com.br\/site\/wp-content\/uploads\/2024\/08\/05-6.jpeg 720w, https:\/\/radiostudiow.com.br\/site\/wp-content\/uploads\/2024\/08\/05-6-300x225.jpeg 300w\" sizes=\"auto, (max-width: 720px) 100vw, 720px\" \/><\/figure>\n","protected":false},"excerpt":{"rendered":"<p>Na manh\u00e3 desta quinta-feira, 29 de agosto, policiais civis de Porto Uni\u00e3o protagonizaram um ato de coragem durante, ao resgatarem v\u00edtimas de um grave acidente de tr\u00e2nsito em Mafra. Os agentes Marcelo S. Thiago, Sidney Suter, Andr\u00e9 Capobianco e Juliana Swiderski estavam retornando de uma miss\u00e3o em Joinville quando se depararam com um ve\u00edculo em [&hellip;]<\/p>\n","protected":false},"author":2,"featured_media":26743,"comment_status":"open","ping_status":"open","sticky":false,"template":"","format":"standard","meta":{"footnotes":""},"categories":[185],"tags":[172],"class_list":["post-26709","post","type-post","status-publish","format-standard","has-post-thumbnail","hentry","category-regional","tag-featured"],"amp_enabled":true,"_links":{"self":[{"href":"https:\/\/radiostudiow.com.br\/site\/wp-json\/wp\/v2\/posts\/26709","targetHints":{"allow":["GET"]}}],"collection":[{"href":"https:\/\/radiostudiow.com.br\/site\/wp-json\/wp\/v2\/posts"}],"about":[{"href":"https:\/\/radiostudiow.com.br\/site\/wp-json\/wp\/v2\/types\/post"}],"author":[{"embeddable":true,"href":"https:\/\/radiostudiow.com.br\/site\/wp-json\/wp\/v2\/users\/2"}],"replies":[{"embeddable":true,"href":"https:\/\/radiostudiow.com.br\/site\/wp-json\/wp\/v2\/comments?post=26709"}],"version-history":[{"count":2,"href":"https:\/\/radiostudiow.com.br\/site\/wp-json\/wp\/v2\/posts\/26709\/revisions"}],"predecessor-version":[{"id":26746,"href":"https:\/\/radiostudiow.com.br\/site\/wp-json\/wp\/v2\/posts\/26709\/revisions\/26746"}],"wp:featuredmedia":[{"embeddable":true,"href":"https:\/\/radiostudiow.com.br\/site\/wp-json\/wp\/v2\/media\/26743"}],"wp:attachment":[{"href":"https:\/\/radiostudiow.com.br\/site\/wp-json\/wp\/v2\/media?parent=26709"}],"wp:term":[{"taxonomy":"category","embeddable":true,"href":"https:\/\/radiostudiow.com.br\/site\/wp-json\/wp\/v2\/categories?post=26709"},{"taxonomy":"post_tag","embeddable":true,"href":"https:\/\/radiostudiow.com.br\/site\/wp-json\/wp\/v2\/tags?post=26709"}],"curies":[{"name":"wp","href":"https:\/\/api.w.org\/{rel}","templated":true}]}}