{"id":26717,"date":"2024-08-30T11:43:04","date_gmt":"2024-08-30T14:43:04","guid":{"rendered":"https:\/\/radiostudiow.com.br\/site\/?p=26717"},"modified":"2025-01-31T14:58:57","modified_gmt":"2025-01-31T17:58:57","slug":"copel-visita-consumidores-de-diversas-cidades-para-cadastro-de-fatura-digital","status":"publish","type":"post","link":"https:\/\/radiostudiow.com.br\/site\/2024\/08\/30\/copel-visita-consumidores-de-diversas-cidades-para-cadastro-de-fatura-digital\/","title":{"rendered":"Copel visita consumidores de diversas cidades para cadastro de fatura digital"},"content":{"rendered":"\n<p>Como parte do Programa Rede El\u00e9trica Inteligente, de troca de medidores de energia convencionais por equipamentos digitais e inteligentes, a Copel est\u00e1 oferecendo aos consumidores a op\u00e7\u00e3o de receber suas contas de energia por e-mail ou WhatsApp.<\/p>\n\n\n\n<figure class=\"wp-block-image size-large\"><img loading=\"lazy\" decoding=\"async\" width=\"1024\" height=\"390\" src=\"https:\/\/radiostudiow.com.br\/site\/wp-content\/uploads\/2024\/06\/449383450_900410565459867_7398886830294326458_n-1024x390.png\" alt=\"\" class=\"wp-image-24042\" srcset=\"https:\/\/radiostudiow.com.br\/site\/wp-content\/uploads\/2024\/06\/449383450_900410565459867_7398886830294326458_n-1024x390.png 1024w, https:\/\/radiostudiow.com.br\/site\/wp-content\/uploads\/2024\/06\/449383450_900410565459867_7398886830294326458_n-300x114.png 300w, https:\/\/radiostudiow.com.br\/site\/wp-content\/uploads\/2024\/06\/449383450_900410565459867_7398886830294326458_n-768x292.png 768w, https:\/\/radiostudiow.com.br\/site\/wp-content\/uploads\/2024\/06\/449383450_900410565459867_7398886830294326458_n-1536x584.png 1536w, https:\/\/radiostudiow.com.br\/site\/wp-content\/uploads\/2024\/06\/449383450_900410565459867_7398886830294326458_n-2048x779.png 2048w\" sizes=\"auto, (max-width: 1024px) 100vw, 1024px\" \/><\/figure>\n\n\n\n<p>Agentes a servi\u00e7o da Companhia, contratados pela empresa JB \u2013 Joecir Bernardi, visitam cada unidade consumidora para oferecer a fatura digital e auxiliar no cadastramento. Eles est\u00e3o uniformizados e ser\u00e3o facilmente identific\u00e1veis por crach\u00e1 e carta de apresenta\u00e7\u00e3o.<\/p>\n\n\n\n<p>Os profissionais est\u00e3o indo aos im\u00f3veis de consumidores da Regi\u00e3o Metropolitana de Curitiba e Centro-Sul e Oeste do Paran\u00e1 que j\u00e1 receberam o medidor inteligente, al\u00e9m daqueles que est\u00e3o no cronograma de instala\u00e7\u00e3o at\u00e9 2025.<\/p>\n\n\n\n<p>O cadastro para a fatura digital \u00e9 totalmente gratuito e pode ser feito rapidamente por meio do aplicativo da Copel ou pelo site oficial&nbsp;<strong><a href=\"https:\/\/www.copel.com\/site\/\" target=\"_blank\" rel=\"noreferrer noopener\">www.copel.com<\/a><\/strong>. Os agentes fazem a abordagem somente do lado externo das resid\u00eancias.<\/p>\n\n\n\n<p>A ades\u00e3o \u00e0 fatura digital, que&nbsp;tamb\u00e9m funciona como comprovante de endere\u00e7o, \u00e9 opcional e oferece vantagens como a elimina\u00e7\u00e3o de extravios e o acesso f\u00e1cil ao hist\u00f3rico de contas.<\/p>\n\n\n\n<figure class=\"wp-block-image size-full\"><img loading=\"lazy\" decoding=\"async\" width=\"900\" height=\"408\" src=\"https:\/\/radiostudiow.com.br\/site\/wp-content\/uploads\/2024\/08\/image-64.png\" alt=\"\" class=\"wp-image-26531\" srcset=\"https:\/\/radiostudiow.com.br\/site\/wp-content\/uploads\/2024\/08\/image-64.png 900w, https:\/\/radiostudiow.com.br\/site\/wp-content\/uploads\/2024\/08\/image-64-300x136.png 300w, https:\/\/radiostudiow.com.br\/site\/wp-content\/uploads\/2024\/08\/image-64-768x348.png 768w\" sizes=\"auto, (max-width: 900px) 100vw, 900px\" \/><\/figure>\n\n\n\n<p><strong>CIDADES\u00a0<\/strong>\u2013 Os munic\u00edpios que est\u00e3o recebendo agentes terceirizados da Copel para oferecer cadastro da fatura digital s\u00e3o: Agudos do Sul,\u00a0<strong>Ant\u00f4nio Olinto<\/strong>, Arauc\u00e1ria, Assis Chateaubriand, Balsa Nova, Campo do Tenente, Carambe\u00ed, Cascavel, Contenda, Diamante do Sul, Fazenda Rio Grande, Fernandes Pinheiro, Foz do Igua\u00e7u, Gua\u00edra, Guamiranga, Guarania\u00e7u, Imbituva, In\u00e1cio Martins, Irati, Iva\u00ed, Lapa, Mandirituba, Marechal C\u00e2ndido Rondon, Medianeira, Palmeira, Palotina, Pi\u00ean, Ponta Grossa, Porto Amazonas, Prudent\u00f3polis, Quitandinha, <strong>Rebou\u00e7as, Rio Azul,<\/strong>\u00a0Rio Negro,\u00a0S\u00e3o Jo\u00e3o do Triunfo, <strong>S\u00e3o Mateus do Sul,<\/strong>\u00a0Teixeira Soares, Terra Roxa e Toledo.<\/p>\n\n\n\n<p><strong>REDE INTELIGENTE<\/strong>&nbsp;\u2013 Os medidores inteligentes, que j\u00e1 est\u00e3o em funcionamento em v\u00e1rias cidades, transmitem as informa\u00e7\u00f5es de consumo diretamente para a Copel, tornando o processo mais eficiente e evitando a necessidade de leitura manual. Atualmente, mais de 820 mil unidades consumidoras em 94 munic\u00edpios no Paran\u00e1 j\u00e1 utilizam o sistema.<\/p>\n\n\n\n<p><em>Reportagem: VVale<\/em><\/p>\n","protected":false},"excerpt":{"rendered":"<p>Como parte do Programa Rede El\u00e9trica Inteligente, de troca de medidores de energia convencionais por equipamentos digitais e inteligentes, a Copel est\u00e1 oferecendo aos consumidores a op\u00e7\u00e3o de receber suas contas de energia por e-mail ou WhatsApp. Agentes a servi\u00e7o da Companhia, contratados pela empresa JB \u2013 Joecir Bernardi, visitam cada unidade consumidora para oferecer [&hellip;]<\/p>\n","protected":false},"author":2,"featured_media":26790,"comment_status":"open","ping_status":"open","sticky":false,"template":"","format":"standard","meta":{"footnotes":""},"categories":[7],"tags":[172],"class_list":["post-26717","post","type-post","status-publish","format-standard","has-post-thumbnail","hentry","category-geral","tag-featured"],"amp_enabled":true,"_links":{"self":[{"href":"https:\/\/radiostudiow.com.br\/site\/wp-json\/wp\/v2\/posts\/26717","targetHints":{"allow":["GET"]}}],"collection":[{"href":"https:\/\/radiostudiow.com.br\/site\/wp-json\/wp\/v2\/posts"}],"about":[{"href":"https:\/\/radiostudiow.com.br\/site\/wp-json\/wp\/v2\/types\/post"}],"author":[{"embeddable":true,"href":"https:\/\/radiostudiow.com.br\/site\/wp-json\/wp\/v2\/users\/2"}],"replies":[{"embeddable":true,"href":"https:\/\/radiostudiow.com.br\/site\/wp-json\/wp\/v2\/comments?post=26717"}],"version-history":[{"count":2,"href":"https:\/\/radiostudiow.com.br\/site\/wp-json\/wp\/v2\/posts\/26717\/revisions"}],"predecessor-version":[{"id":26789,"href":"https:\/\/radiostudiow.com.br\/site\/wp-json\/wp\/v2\/posts\/26717\/revisions\/26789"}],"wp:featuredmedia":[{"embeddable":true,"href":"https:\/\/radiostudiow.com.br\/site\/wp-json\/wp\/v2\/media\/26790"}],"wp:attachment":[{"href":"https:\/\/radiostudiow.com.br\/site\/wp-json\/wp\/v2\/media?parent=26717"}],"wp:term":[{"taxonomy":"category","embeddable":true,"href":"https:\/\/radiostudiow.com.br\/site\/wp-json\/wp\/v2\/categories?post=26717"},{"taxonomy":"post_tag","embeddable":true,"href":"https:\/\/radiostudiow.com.br\/site\/wp-json\/wp\/v2\/tags?post=26717"}],"curies":[{"name":"wp","href":"https:\/\/api.w.org\/{rel}","templated":true}]}}