{"id":26726,"date":"2024-08-30T10:05:33","date_gmt":"2024-08-30T13:05:33","guid":{"rendered":"https:\/\/radiostudiow.com.br\/site\/?p=26726"},"modified":"2025-01-31T14:58:57","modified_gmt":"2025-01-31T17:58:57","slug":"homem-e-preso-por-descumprimento-de-medidas-protetivas-em-uniao-da-vitoria","status":"publish","type":"post","link":"https:\/\/radiostudiow.com.br\/site\/2024\/08\/30\/homem-e-preso-por-descumprimento-de-medidas-protetivas-em-uniao-da-vitoria\/","title":{"rendered":"Homem \u00e9 preso por descumprimento de medidas protetivas em Uni\u00e3o da Vit\u00f3ria"},"content":{"rendered":"\n<p>Na tarde desta quinta-feira, 29 de agosto, a Delegacia da Mulher de Uni\u00e3o da Vit\u00f3ria executou a pris\u00e3o preventiva de um homem de 42 anos, ap\u00f3s decis\u00e3o judicial emitida pela 2\u00aa Vara Criminal da comarca.\u00a0O indiv\u00edduo, que j\u00e1 respondia a dois inqu\u00e9ritos distintos, foi detido por descumprir medidas protetivas de urg\u00eancia estabelecidas contra ele.<\/p>\n\n\n\n<figure class=\"wp-block-image size-large\"><img loading=\"lazy\" decoding=\"async\" width=\"1024\" height=\"390\" src=\"https:\/\/radiostudiow.com.br\/site\/wp-content\/uploads\/2024\/06\/449383450_900410565459867_7398886830294326458_n-1024x390.png\" alt=\"\" class=\"wp-image-24042\" srcset=\"https:\/\/radiostudiow.com.br\/site\/wp-content\/uploads\/2024\/06\/449383450_900410565459867_7398886830294326458_n-1024x390.png 1024w, https:\/\/radiostudiow.com.br\/site\/wp-content\/uploads\/2024\/06\/449383450_900410565459867_7398886830294326458_n-300x114.png 300w, https:\/\/radiostudiow.com.br\/site\/wp-content\/uploads\/2024\/06\/449383450_900410565459867_7398886830294326458_n-768x292.png 768w, https:\/\/radiostudiow.com.br\/site\/wp-content\/uploads\/2024\/06\/449383450_900410565459867_7398886830294326458_n-1536x584.png 1536w, https:\/\/radiostudiow.com.br\/site\/wp-content\/uploads\/2024\/06\/449383450_900410565459867_7398886830294326458_n-2048x779.png 2048w\" sizes=\"auto, (max-width: 1024px) 100vw, 1024px\" \/><\/figure>\n\n\n\n<p>O homem enfrenta acusa\u00e7\u00f5es s\u00e9rias: uma por importuna\u00e7\u00e3o sexual contra uma adolescente e outra por persegui\u00e7\u00e3o e amea\u00e7as de morte contra sua ex-convivente.&nbsp;Apesar das restri\u00e7\u00f5es impostas pela Justi\u00e7a, que inclu\u00edam a proibi\u00e7\u00e3o de contato com as v\u00edtimas, o investigado desconsiderou as ordens e continuou a se comunicar de forma abusiva.<\/p>\n\n\n\n<p>De acordo com informa\u00e7\u00f5es fornecidas pelo Delegado Thiers Andregotti, o homem violou as medidas protetivas ao enviar mensagens constantes e realizar mais de 100 chamadas telef\u00f4nicas para as v\u00edtimas. Al\u00e9m disso, foi flagrado por c\u00e2meras de vigil\u00e2ncia enquanto tentava invadir a resid\u00eancia de sua ex-companheira e proferia amea\u00e7as graves.<\/p>\n\n\n\n<figure class=\"wp-block-image size-full\"><img decoding=\"async\" src=\"https:\/\/radiostudiow.com.br\/site\/wp-content\/uploads\/2024\/04\/image-42.png\" alt=\"\" class=\"wp-image-21334\"\/><\/figure>\n\n\n\n<p>O descumprimento das medidas protetivas, uma a\u00e7\u00e3o deliberada que demonstra desrespeito pelas ordens judiciais, levou \u00e0 a\u00e7\u00e3o decisiva da Delegacia da Mulher. O preso foi encaminhado ao sistema penitenci\u00e1rio local e agora est\u00e1 \u00e0 disposi\u00e7\u00e3o da Justi\u00e7a para as devidas provid\u00eancias legais.<\/p>\n\n\n\n<p>Este caso ressalta a import\u00e2ncia da aplica\u00e7\u00e3o rigorosa de medidas protetivas e o papel crucial das autoridades na prote\u00e7\u00e3o das v\u00edtimas de viol\u00eancia. A Delegacia da Mulher de Uni\u00e3o da Vit\u00f3ria reafirma seu compromisso com a seguran\u00e7a e o bem-estar das pessoas amea\u00e7adas por comportamentos abusivos e violentos.<\/p>\n","protected":false},"excerpt":{"rendered":"<p>Na tarde desta quinta-feira, 29 de agosto, a Delegacia da Mulher de Uni\u00e3o da Vit\u00f3ria executou a pris\u00e3o preventiva de um homem de 42 anos, ap\u00f3s decis\u00e3o judicial emitida pela 2\u00aa Vara Criminal da comarca.\u00a0O indiv\u00edduo, que j\u00e1 respondia a dois inqu\u00e9ritos distintos, foi detido por descumprir medidas protetivas de urg\u00eancia estabelecidas contra ele. O [&hellip;]<\/p>\n","protected":false},"author":2,"featured_media":21681,"comment_status":"open","ping_status":"open","sticky":false,"template":"","format":"standard","meta":{"footnotes":""},"categories":[2],"tags":[172],"class_list":["post-26726","post","type-post","status-publish","format-standard","has-post-thumbnail","hentry","category-policial","tag-featured"],"amp_enabled":true,"_links":{"self":[{"href":"https:\/\/radiostudiow.com.br\/site\/wp-json\/wp\/v2\/posts\/26726","targetHints":{"allow":["GET"]}}],"collection":[{"href":"https:\/\/radiostudiow.com.br\/site\/wp-json\/wp\/v2\/posts"}],"about":[{"href":"https:\/\/radiostudiow.com.br\/site\/wp-json\/wp\/v2\/types\/post"}],"author":[{"embeddable":true,"href":"https:\/\/radiostudiow.com.br\/site\/wp-json\/wp\/v2\/users\/2"}],"replies":[{"embeddable":true,"href":"https:\/\/radiostudiow.com.br\/site\/wp-json\/wp\/v2\/comments?post=26726"}],"version-history":[{"count":3,"href":"https:\/\/radiostudiow.com.br\/site\/wp-json\/wp\/v2\/posts\/26726\/revisions"}],"predecessor-version":[{"id":26739,"href":"https:\/\/radiostudiow.com.br\/site\/wp-json\/wp\/v2\/posts\/26726\/revisions\/26739"}],"wp:featuredmedia":[{"embeddable":true,"href":"https:\/\/radiostudiow.com.br\/site\/wp-json\/wp\/v2\/media\/21681"}],"wp:attachment":[{"href":"https:\/\/radiostudiow.com.br\/site\/wp-json\/wp\/v2\/media?parent=26726"}],"wp:term":[{"taxonomy":"category","embeddable":true,"href":"https:\/\/radiostudiow.com.br\/site\/wp-json\/wp\/v2\/categories?post=26726"},{"taxonomy":"post_tag","embeddable":true,"href":"https:\/\/radiostudiow.com.br\/site\/wp-json\/wp\/v2\/tags?post=26726"}],"curies":[{"name":"wp","href":"https:\/\/api.w.org\/{rel}","templated":true}]}}