{"id":26731,"date":"2024-08-30T09:47:19","date_gmt":"2024-08-30T12:47:19","guid":{"rendered":"https:\/\/radiostudiow.com.br\/site\/?p=26731"},"modified":"2025-01-31T14:58:57","modified_gmt":"2025-01-31T17:58:57","slug":"horario-eleitoral-gratuito-no-radio-e-na-tv-comeca-nesta-sexta-feira-30","status":"publish","type":"post","link":"https:\/\/radiostudiow.com.br\/site\/2024\/08\/30\/horario-eleitoral-gratuito-no-radio-e-na-tv-comeca-nesta-sexta-feira-30\/","title":{"rendered":"Hor\u00e1rio eleitoral gratuito no r\u00e1dio e na TV come\u00e7a nesta sexta-feira (30)"},"content":{"rendered":"\n<p>O per\u00edodo entre 30 de agosto e 3 de outubro ser\u00e1 marcado por transmiss\u00f5es do hor\u00e1rio eleitoral gratuito em emissoras de r\u00e1dio e televis\u00e3o.\u00a0O espa\u00e7o garante que partidos, coliga\u00e7\u00f5es e federa\u00e7\u00f5es possam divulgar seus candidatos a prefeito, vice-prefeito e vereador.<\/p>\n\n\n\n<p><strong>TEMPO<\/strong><\/p>\n\n\n\n<p>Candidatos a prefeito aparecem em blocos de 10 minutos em duas inser\u00e7\u00f5es. Na televis\u00e3o, os blocos s\u00e3o veiculados \u00e0s 13h e \u00e0s 20h30.&nbsp;<strong>No r\u00e1dio, \u00e0s 7h e \u00e0s 12h.<\/strong><\/p>\n\n\n\n<p>H\u00e1 ainda outros 70 minutos di\u00e1rios para inser\u00e7\u00f5es de 30 ou 60 segundos. Este tempo total \u00e9 dividido ao longo da programa\u00e7\u00e3o, sendo 42 minutos destinados aos que pleiteiam o cargo de prefeito e 28 minutos para os candidatos a vereador.<\/p>\n\n\n\n<p>Assim como a propaganda em rede, o tempo de inser\u00e7\u00f5es tem uma parte dividida entre os partidos com uma propor\u00e7\u00e3o igualit\u00e1ria de 10%, e outra parte conforme a representa\u00e7\u00e3o das legendas na C\u00e2mara dos Deputados, de 90%.<\/p>\n\n\n\n<p>Os partidos, coliga\u00e7\u00f5es e federa\u00e7\u00f5es t\u00eam, no entanto, autonomia para definir como o tempo ser\u00e1 dividido entre os seus candidatos.\u00a0De acordo com a legisla\u00e7\u00e3o, por\u00e9m, esse tempo deve ser proporcional para candidaturas de mulheres e pessoas negras, conforme total de pessoas destes grupos inscritas pelo partido.<\/p>\n\n\n\n<p><strong>ACESSIBILIDADE<\/strong><\/p>\n\n\n\n<p>Recursos de acessibilidade devem ser obrigatoriamente utilizados durante as propagandas dos candidatos, conforme determina\u00e7\u00e3o do Tribunal Superior Eleitoral (TSE).<\/p>\n\n\n\n<p>As falas dos candidatos devem conter legendas no caso do espa\u00e7o em redes de televis\u00e3o, bem como deve haver, no v\u00eddeo, janela com int\u00e9rprete de Libras e audiodescri\u00e7\u00e3o.<\/p>\n","protected":false},"excerpt":{"rendered":"<p>O per\u00edodo entre 30 de agosto e 3 de outubro ser\u00e1 marcado por transmiss\u00f5es do hor\u00e1rio eleitoral gratuito em emissoras de r\u00e1dio e televis\u00e3o.\u00a0O espa\u00e7o garante que partidos, coliga\u00e7\u00f5es e federa\u00e7\u00f5es possam divulgar seus candidatos a prefeito, vice-prefeito e vereador. TEMPO Candidatos a prefeito aparecem em blocos de 10 minutos em duas inser\u00e7\u00f5es. Na televis\u00e3o, [&hellip;]<\/p>\n","protected":false},"author":2,"featured_media":26732,"comment_status":"open","ping_status":"open","sticky":false,"template":"","format":"standard","meta":{"footnotes":""},"categories":[7],"tags":[172],"class_list":["post-26731","post","type-post","status-publish","format-standard","has-post-thumbnail","hentry","category-geral","tag-featured"],"amp_enabled":true,"_links":{"self":[{"href":"https:\/\/radiostudiow.com.br\/site\/wp-json\/wp\/v2\/posts\/26731","targetHints":{"allow":["GET"]}}],"collection":[{"href":"https:\/\/radiostudiow.com.br\/site\/wp-json\/wp\/v2\/posts"}],"about":[{"href":"https:\/\/radiostudiow.com.br\/site\/wp-json\/wp\/v2\/types\/post"}],"author":[{"embeddable":true,"href":"https:\/\/radiostudiow.com.br\/site\/wp-json\/wp\/v2\/users\/2"}],"replies":[{"embeddable":true,"href":"https:\/\/radiostudiow.com.br\/site\/wp-json\/wp\/v2\/comments?post=26731"}],"version-history":[{"count":1,"href":"https:\/\/radiostudiow.com.br\/site\/wp-json\/wp\/v2\/posts\/26731\/revisions"}],"predecessor-version":[{"id":26733,"href":"https:\/\/radiostudiow.com.br\/site\/wp-json\/wp\/v2\/posts\/26731\/revisions\/26733"}],"wp:featuredmedia":[{"embeddable":true,"href":"https:\/\/radiostudiow.com.br\/site\/wp-json\/wp\/v2\/media\/26732"}],"wp:attachment":[{"href":"https:\/\/radiostudiow.com.br\/site\/wp-json\/wp\/v2\/media?parent=26731"}],"wp:term":[{"taxonomy":"category","embeddable":true,"href":"https:\/\/radiostudiow.com.br\/site\/wp-json\/wp\/v2\/categories?post=26731"},{"taxonomy":"post_tag","embeddable":true,"href":"https:\/\/radiostudiow.com.br\/site\/wp-json\/wp\/v2\/tags?post=26731"}],"curies":[{"name":"wp","href":"https:\/\/api.w.org\/{rel}","templated":true}]}}