{"id":26734,"date":"2024-08-30T10:00:46","date_gmt":"2024-08-30T13:00:46","guid":{"rendered":"https:\/\/radiostudiow.com.br\/site\/?p=26734"},"modified":"2025-01-31T14:58:57","modified_gmt":"2025-01-31T17:58:57","slug":"princesa-dos-campos-novos-horarios","status":"publish","type":"post","link":"https:\/\/radiostudiow.com.br\/site\/2024\/08\/30\/princesa-dos-campos-novos-horarios\/","title":{"rendered":"Princesa dos Campos: Novos hor\u00e1rios"},"content":{"rendered":"\n<p>A partir desta segunda-feira, 02 de setembro, a\u00a0Princesa dos Campos\u00a0oferece novos hor\u00e1rios na linha que conecta Ponta Grossa a Uni\u00e3o da Vit\u00f3ria.<\/p>\n\n\n\n<p>De segunda a s\u00e1bado, haver\u00e1 sa\u00edda de Ponta Grossa \u00e0s 6h45 e de Uni\u00e3o da Vit\u00f3ria \u00e0s 14 horas. O trajeto inclui Ponta Grossa, Irati, Rebou\u00e7as, Rio Azul, Mallet e Uni\u00e3o da Vit\u00f3ria.<\/p>\n\n\n\n<figure class=\"wp-block-image size-full\"><img loading=\"lazy\" decoding=\"async\" width=\"897\" height=\"204\" src=\"https:\/\/radiostudiow.com.br\/site\/wp-content\/uploads\/2024\/08\/TIJOLAO.png\" alt=\"\" class=\"wp-image-25951\" srcset=\"https:\/\/radiostudiow.com.br\/site\/wp-content\/uploads\/2024\/08\/TIJOLAO.png 897w, https:\/\/radiostudiow.com.br\/site\/wp-content\/uploads\/2024\/08\/TIJOLAO-300x68.png 300w, https:\/\/radiostudiow.com.br\/site\/wp-content\/uploads\/2024\/08\/TIJOLAO-768x175.png 768w\" sizes=\"auto, (max-width: 897px) 100vw, 897px\" \/><\/figure>\n\n\n\n<p>Al\u00e9m disso, a partir de 8 de setembro, a rota ter\u00e1 um novo hor\u00e1rio aos domingos, com sa\u00edda de Uni\u00e3o da Vit\u00f3ria \u00e0s 14:30 horas.\u00a0E com o servi\u00e7o\u00a0<em>Prinex<\/em>, o envio de encomendas ocorre nos bagageiros dos \u00f4nibus, adaptando-se \u00e0 sua necessidade.\u00a0O servi\u00e7o est\u00e1 dispon\u00edvel para envio e recebimento de encomendas.\u00a0\u00a0\u00a0<\/p>\n\n\n\n<p>Para mais informa\u00e7\u00f5es sobre o envio de encomendas express ou sobre passagens, acesso o site:&nbsp;<a href=\"http:\/\/www.princesadoscampos.com.br\/\"><u>www.princesadoscampos.com.br<\/u><\/a>&nbsp;ou fale pelo whats atrav\u00e9s do (42) 98882-9373.<\/p>\n","protected":false},"excerpt":{"rendered":"<p>A partir desta segunda-feira, 02 de setembro, a\u00a0Princesa dos Campos\u00a0oferece novos hor\u00e1rios na linha que conecta Ponta Grossa a Uni\u00e3o da Vit\u00f3ria. De segunda a s\u00e1bado, haver\u00e1 sa\u00edda de Ponta Grossa \u00e0s 6h45 e de Uni\u00e3o da Vit\u00f3ria \u00e0s 14 horas. O trajeto inclui Ponta Grossa, Irati, Rebou\u00e7as, Rio Azul, Mallet e Uni\u00e3o da Vit\u00f3ria. [&hellip;]<\/p>\n","protected":false},"author":2,"featured_media":26735,"comment_status":"open","ping_status":"open","sticky":false,"template":"","format":"standard","meta":{"footnotes":""},"categories":[7],"tags":[172],"class_list":["post-26734","post","type-post","status-publish","format-standard","has-post-thumbnail","hentry","category-geral","tag-featured"],"amp_enabled":true,"_links":{"self":[{"href":"https:\/\/radiostudiow.com.br\/site\/wp-json\/wp\/v2\/posts\/26734","targetHints":{"allow":["GET"]}}],"collection":[{"href":"https:\/\/radiostudiow.com.br\/site\/wp-json\/wp\/v2\/posts"}],"about":[{"href":"https:\/\/radiostudiow.com.br\/site\/wp-json\/wp\/v2\/types\/post"}],"author":[{"embeddable":true,"href":"https:\/\/radiostudiow.com.br\/site\/wp-json\/wp\/v2\/users\/2"}],"replies":[{"embeddable":true,"href":"https:\/\/radiostudiow.com.br\/site\/wp-json\/wp\/v2\/comments?post=26734"}],"version-history":[{"count":1,"href":"https:\/\/radiostudiow.com.br\/site\/wp-json\/wp\/v2\/posts\/26734\/revisions"}],"predecessor-version":[{"id":26736,"href":"https:\/\/radiostudiow.com.br\/site\/wp-json\/wp\/v2\/posts\/26734\/revisions\/26736"}],"wp:featuredmedia":[{"embeddable":true,"href":"https:\/\/radiostudiow.com.br\/site\/wp-json\/wp\/v2\/media\/26735"}],"wp:attachment":[{"href":"https:\/\/radiostudiow.com.br\/site\/wp-json\/wp\/v2\/media?parent=26734"}],"wp:term":[{"taxonomy":"category","embeddable":true,"href":"https:\/\/radiostudiow.com.br\/site\/wp-json\/wp\/v2\/categories?post=26734"},{"taxonomy":"post_tag","embeddable":true,"href":"https:\/\/radiostudiow.com.br\/site\/wp-json\/wp\/v2\/tags?post=26734"}],"curies":[{"name":"wp","href":"https:\/\/api.w.org\/{rel}","templated":true}]}}