{"id":26749,"date":"2024-08-30T10:32:10","date_gmt":"2024-08-30T13:32:10","guid":{"rendered":"https:\/\/radiostudiow.com.br\/site\/?p=26749"},"modified":"2025-01-31T14:58:57","modified_gmt":"2025-01-31T17:58:57","slug":"clio-e-produtos-sao-apreendidos-em-sao-mateus-do-sul-em-ocorrencia-de-descaminho","status":"publish","type":"post","link":"https:\/\/radiostudiow.com.br\/site\/2024\/08\/30\/clio-e-produtos-sao-apreendidos-em-sao-mateus-do-sul-em-ocorrencia-de-descaminho\/","title":{"rendered":"Clio e produtos s\u00e3o apreendidos em S\u00e3o Mateus do Sul em ocorr\u00eancia de descaminho"},"content":{"rendered":"\n<p>Na quinta-feira (29), as equipes da Receita Federal e da Pol\u00edcia Militar do estado do Paran\u00e1 tiveram conhecimento da suspeita de que um carro Renault Clio estaria passaria pela regi\u00e3o de S\u00e3o Mateus do Sul em uma situa\u00e7\u00e3o de descaminho.<\/p>\n\n\n\n<figure class=\"wp-block-image size-full\"><img loading=\"lazy\" decoding=\"async\" width=\"590\" height=\"204\" src=\"https:\/\/radiostudiow.com.br\/site\/wp-content\/uploads\/2024\/04\/image-27.png\" alt=\"\" class=\"wp-image-21280\" srcset=\"https:\/\/radiostudiow.com.br\/site\/wp-content\/uploads\/2024\/04\/image-27.png 590w, https:\/\/radiostudiow.com.br\/site\/wp-content\/uploads\/2024\/04\/image-27-300x104.png 300w\" sizes=\"auto, (max-width: 590px) 100vw, 590px\" \/><\/figure>\n\n\n\n<p><a href=\"https:\/\/www.instagram.com\/amcgcamposgerais\/?hl=pt-br\" target=\"_blank\" rel=\"noreferrer noopener\"><\/a><\/p>\n\n\n\n<p>A equipe realizava patrulhamento pela Rua Manoel Cunha Bittencourt, quando observou o referido ve\u00edculo, o qual se fez notar devido \u00e0 sua redu\u00e7\u00e3o abrupta de velocidade ao avistar a viatura policial, passando a trafegar com velocidade incompat\u00edvel com o fluxo da via, deslocando lentamente.<\/p>\n\n\n\n<p>Devido as informa\u00e7\u00f5es repassadas e a suspeita gerada, a equipe procedeu com a abordagem policial, a qual foi prontamente acatada pelos integrantes do ve\u00edculo, o motorista e passageiros.<\/p>\n\n\n\n<p>Em busca pessoal nada de il\u00edcito foi encontrado, j\u00e1 em busca veicular foram localizados os diversos produtos de origem estrangeira sem nota fiscal. Em contato com o agente da Receita Federal de Joinville \u2013 Santa Catarina, foi verificado que a mercadoria excede a quantidade permitida por pessoa e que estes s\u00e3o reincidentes no crime de descaminho.<\/p>\n\n\n\n<figure class=\"wp-block-image size-full is-resized\"><img loading=\"lazy\" decoding=\"async\" width=\"900\" height=\"408\" src=\"https:\/\/radiostudiow.com.br\/site\/wp-content\/uploads\/2024\/08\/image-64.png\" alt=\"\" class=\"wp-image-26531\" style=\"width:559px;height:auto\" srcset=\"https:\/\/radiostudiow.com.br\/site\/wp-content\/uploads\/2024\/08\/image-64.png 900w, https:\/\/radiostudiow.com.br\/site\/wp-content\/uploads\/2024\/08\/image-64-300x136.png 300w, https:\/\/radiostudiow.com.br\/site\/wp-content\/uploads\/2024\/08\/image-64-768x348.png 768w\" sizes=\"auto, (max-width: 900px) 100vw, 900px\" \/><\/figure>\n\n\n\n<p><strong><em>Diante do exposto as partes acompanharam a equipe at\u00e9 a sede da 3\u00b0 Companhia da Pol\u00edcia Militar para a confec\u00e7\u00e3o do boletim de ocorr\u00eancia onde contabilizou-se a quantia de:<\/em><\/strong><\/p>\n\n\n\n<p>19 pares de meia<br>16 mochilas<br>2 cortinas<br>1 garrafa de bebida alco\u00f3lica Amarula<br>1 garrafa de bebida \u00e1lcoolica Jagermeister<br>9 caixas de brinquedos<br>2 caixas de doce alfajor<br>11 aparelhos de telefone celular<br>16 unidades de perfumaria e maquiagem<br>1 aparelho de videogame Sony PS4<br>13 itens eletr\u00f4nicos diversos<br>1 jogo de ferramenta tipo chave de precis\u00e3o para manuten\u00e7\u00e3o em aparelho celular<\/p>\n\n\n\n<figure class=\"wp-block-image size-full\"><img loading=\"lazy\" decoding=\"async\" width=\"300\" height=\"180\" src=\"https:\/\/radiostudiow.com.br\/site\/wp-content\/uploads\/2024\/04\/image-26.png\" alt=\"\" class=\"wp-image-21279\"\/><\/figure>\n\n\n\n<p><em>Por orienta\u00e7\u00e3o foi efetuada a apreens\u00e3o do ve\u00edculo e da carga para posteriores delibera\u00e7\u00f5es na Receita Federal, os quais ser\u00e3o encaminhados \u00e0 ag\u00eancia de Ponta Grossa. Os envolvidos foram devidamente qualificados e liberados ap\u00f3s a conclus\u00e3o do boletim de ocorr\u00eancia.<\/em><\/p>\n","protected":false},"excerpt":{"rendered":"<p>Na quinta-feira (29), as equipes da Receita Federal e da Pol\u00edcia Militar do estado do Paran\u00e1 tiveram conhecimento da suspeita de que um carro Renault Clio estaria passaria pela regi\u00e3o de S\u00e3o Mateus do Sul em uma situa\u00e7\u00e3o de descaminho. A equipe realizava patrulhamento pela Rua Manoel Cunha Bittencourt, quando observou o referido ve\u00edculo, o [&hellip;]<\/p>\n","protected":false},"author":2,"featured_media":26750,"comment_status":"open","ping_status":"open","sticky":false,"template":"","format":"standard","meta":{"footnotes":""},"categories":[2],"tags":[172],"class_list":["post-26749","post","type-post","status-publish","format-standard","has-post-thumbnail","hentry","category-policial","tag-featured"],"amp_enabled":true,"_links":{"self":[{"href":"https:\/\/radiostudiow.com.br\/site\/wp-json\/wp\/v2\/posts\/26749","targetHints":{"allow":["GET"]}}],"collection":[{"href":"https:\/\/radiostudiow.com.br\/site\/wp-json\/wp\/v2\/posts"}],"about":[{"href":"https:\/\/radiostudiow.com.br\/site\/wp-json\/wp\/v2\/types\/post"}],"author":[{"embeddable":true,"href":"https:\/\/radiostudiow.com.br\/site\/wp-json\/wp\/v2\/users\/2"}],"replies":[{"embeddable":true,"href":"https:\/\/radiostudiow.com.br\/site\/wp-json\/wp\/v2\/comments?post=26749"}],"version-history":[{"count":1,"href":"https:\/\/radiostudiow.com.br\/site\/wp-json\/wp\/v2\/posts\/26749\/revisions"}],"predecessor-version":[{"id":26751,"href":"https:\/\/radiostudiow.com.br\/site\/wp-json\/wp\/v2\/posts\/26749\/revisions\/26751"}],"wp:featuredmedia":[{"embeddable":true,"href":"https:\/\/radiostudiow.com.br\/site\/wp-json\/wp\/v2\/media\/26750"}],"wp:attachment":[{"href":"https:\/\/radiostudiow.com.br\/site\/wp-json\/wp\/v2\/media?parent=26749"}],"wp:term":[{"taxonomy":"category","embeddable":true,"href":"https:\/\/radiostudiow.com.br\/site\/wp-json\/wp\/v2\/categories?post=26749"},{"taxonomy":"post_tag","embeddable":true,"href":"https:\/\/radiostudiow.com.br\/site\/wp-json\/wp\/v2\/tags?post=26749"}],"curies":[{"name":"wp","href":"https:\/\/api.w.org\/{rel}","templated":true}]}}