{"id":26755,"date":"2024-08-30T10:45:15","date_gmt":"2024-08-30T13:45:15","guid":{"rendered":"https:\/\/radiostudiow.com.br\/site\/?p=26755"},"modified":"2025-01-31T14:58:57","modified_gmt":"2025-01-31T17:58:57","slug":"motorista-tem-caminhao-roubado-por-assaltantes-armados-na-br-153-em-general-carneiro","status":"publish","type":"post","link":"https:\/\/radiostudiow.com.br\/site\/2024\/08\/30\/motorista-tem-caminhao-roubado-por-assaltantes-armados-na-br-153-em-general-carneiro\/","title":{"rendered":"Motorista tem caminh\u00e3o roubado por assaltantes armados na BR-153 em General Carneiro"},"content":{"rendered":"\n<p>A equipe da Pol\u00edcia Militar de General Carneiro atendeu uma situa\u00e7\u00e3o de roubo por volta das 11 horas dessa quarta-feira (28).<\/p>\n\n\n\n<figure class=\"wp-block-image size-full\"><img loading=\"lazy\" decoding=\"async\" width=\"598\" height=\"204\" src=\"https:\/\/radiostudiow.com.br\/site\/wp-content\/uploads\/2024\/04\/image-39.png\" alt=\"\" class=\"wp-image-21311\" srcset=\"https:\/\/radiostudiow.com.br\/site\/wp-content\/uploads\/2024\/04\/image-39.png 598w, https:\/\/radiostudiow.com.br\/site\/wp-content\/uploads\/2024\/04\/image-39-300x102.png 300w\" sizes=\"auto, (max-width: 598px) 100vw, 598px\" \/><\/figure>\n\n\n\n<p>Os policiais foram abordados por um senhor caminhoneiro, o qual passou a relatar que na madrugada de ontem, 28 de agosto, parou seu caminh\u00e3o\/carreta, carregado de milho a granel as margens da BR-282 na cidade de Ponte Serrada \u2013 SC, para dormir quando homens armados o renderam e o colocaram no ch\u00e3o do caminh\u00e3o.<\/p>\n\n\n\n<p>A v\u00edtima somente foi liberada pelos assaltantes na cidade de General Carneiro, pr\u00f3ximo ao km 509 da BR-153, por volta das 08:00 da manh\u00e3. O seu caminh\u00e3o, carreta, e sua carga de milho foram levadas pelos assaltantes. At\u00e9 o momento, os criminosos e os itens roubados n\u00e3o foram localizados.<\/p>\n","protected":false},"excerpt":{"rendered":"<p>A equipe da Pol\u00edcia Militar de General Carneiro atendeu uma situa\u00e7\u00e3o de roubo por volta das 11 horas dessa quarta-feira (28). Os policiais foram abordados por um senhor caminhoneiro, o qual passou a relatar que na madrugada de ontem, 28 de agosto, parou seu caminh\u00e3o\/carreta, carregado de milho a granel as margens da BR-282 na [&hellip;]<\/p>\n","protected":false},"author":2,"featured_media":15416,"comment_status":"open","ping_status":"open","sticky":false,"template":"","format":"standard","meta":{"footnotes":""},"categories":[2],"tags":[172],"class_list":["post-26755","post","type-post","status-publish","format-standard","has-post-thumbnail","hentry","category-policial","tag-featured"],"amp_enabled":true,"_links":{"self":[{"href":"https:\/\/radiostudiow.com.br\/site\/wp-json\/wp\/v2\/posts\/26755","targetHints":{"allow":["GET"]}}],"collection":[{"href":"https:\/\/radiostudiow.com.br\/site\/wp-json\/wp\/v2\/posts"}],"about":[{"href":"https:\/\/radiostudiow.com.br\/site\/wp-json\/wp\/v2\/types\/post"}],"author":[{"embeddable":true,"href":"https:\/\/radiostudiow.com.br\/site\/wp-json\/wp\/v2\/users\/2"}],"replies":[{"embeddable":true,"href":"https:\/\/radiostudiow.com.br\/site\/wp-json\/wp\/v2\/comments?post=26755"}],"version-history":[{"count":1,"href":"https:\/\/radiostudiow.com.br\/site\/wp-json\/wp\/v2\/posts\/26755\/revisions"}],"predecessor-version":[{"id":26756,"href":"https:\/\/radiostudiow.com.br\/site\/wp-json\/wp\/v2\/posts\/26755\/revisions\/26756"}],"wp:featuredmedia":[{"embeddable":true,"href":"https:\/\/radiostudiow.com.br\/site\/wp-json\/wp\/v2\/media\/15416"}],"wp:attachment":[{"href":"https:\/\/radiostudiow.com.br\/site\/wp-json\/wp\/v2\/media?parent=26755"}],"wp:term":[{"taxonomy":"category","embeddable":true,"href":"https:\/\/radiostudiow.com.br\/site\/wp-json\/wp\/v2\/categories?post=26755"},{"taxonomy":"post_tag","embeddable":true,"href":"https:\/\/radiostudiow.com.br\/site\/wp-json\/wp\/v2\/tags?post=26755"}],"curies":[{"name":"wp","href":"https:\/\/api.w.org\/{rel}","templated":true}]}}