{"id":26793,"date":"2024-08-31T08:57:21","date_gmt":"2024-08-31T11:57:21","guid":{"rendered":"https:\/\/radiostudiow.com.br\/site\/?p=26793"},"modified":"2025-01-31T14:58:57","modified_gmt":"2025-01-31T17:58:57","slug":"homem-e-ferido-com-faca-durante-roubo-em-uniao-da-vitoria-roubo","status":"publish","type":"post","link":"https:\/\/radiostudiow.com.br\/site\/2024\/08\/31\/homem-e-ferido-com-faca-durante-roubo-em-uniao-da-vitoria-roubo\/","title":{"rendered":"Homem \u00e9 ferido com faca durante roubo em Uni\u00e3o da Vit\u00f3ria roubo"},"content":{"rendered":"\n<p>A equipe da Pol\u00edcia Militar de Uni\u00e3o da Vit\u00f3ria estava realizando patrulhamento pela \u00e1rea central por volta das 15:30 horas dessa quinta-feira (29), quando foi abordada por transeuntes indicando que no posto de combust\u00edveis haveria um homem ferido.<\/p>\n\n\n\n<p>A equipe se dirigiu ao local e entro em conversa com a v\u00edtima, o qual relatou que estava indo ao mercado e em determinado momento recebeu voz de assalto de dois homens que estavam trajando respectivamente um moletom preto e moletom cinza munidos de arma branca.<\/p>\n\n\n\n<figure class=\"wp-block-image size-large\"><img loading=\"lazy\" decoding=\"async\" width=\"1024\" height=\"576\" src=\"https:\/\/radiostudiow.com.br\/site\/wp-content\/uploads\/2024\/05\/86140-nacional-tv-coops-comunicacao-interna-pos-campanha-de-educacao-financeira-2024-1024x576.png\" alt=\"\" class=\"wp-image-23031\" srcset=\"https:\/\/radiostudiow.com.br\/site\/wp-content\/uploads\/2024\/05\/86140-nacional-tv-coops-comunicacao-interna-pos-campanha-de-educacao-financeira-2024-1024x576.png 1024w, https:\/\/radiostudiow.com.br\/site\/wp-content\/uploads\/2024\/05\/86140-nacional-tv-coops-comunicacao-interna-pos-campanha-de-educacao-financeira-2024-300x169.png 300w, https:\/\/radiostudiow.com.br\/site\/wp-content\/uploads\/2024\/05\/86140-nacional-tv-coops-comunicacao-interna-pos-campanha-de-educacao-financeira-2024-768x432.png 768w, https:\/\/radiostudiow.com.br\/site\/wp-content\/uploads\/2024\/05\/86140-nacional-tv-coops-comunicacao-interna-pos-campanha-de-educacao-financeira-2024-1536x864.png 1536w, https:\/\/radiostudiow.com.br\/site\/wp-content\/uploads\/2024\/05\/86140-nacional-tv-coops-comunicacao-interna-pos-campanha-de-educacao-financeira-2024.png 1920w\" sizes=\"auto, (max-width: 1024px) 100vw, 1024px\" \/><\/figure>\n\n\n\n<p>Os policiais constataram que a v\u00edtima apresentava dois riscos de faca na perna direita e um soco desferido no rosto. Foi acionado o Samu que se fez presente no local e logo prestou o devido atendimento m\u00e9dico \u00e0 v\u00edtima.<\/p>\n\n\n\n<p>As caracter\u00edsticas foram repassadas \u00e0 rede para patrulhamento, at\u00e9 o momento n\u00e3o foram localizados os autores. Da v\u00edtima foi levado um cart\u00e3o de cr\u00e9dito com o seu nome indicado e uma nota de R$ 50 e duas notas de R$ 10.<\/p>\n","protected":false},"excerpt":{"rendered":"<p>A equipe da Pol\u00edcia Militar de Uni\u00e3o da Vit\u00f3ria estava realizando patrulhamento pela \u00e1rea central por volta das 15:30 horas dessa quinta-feira (29), quando foi abordada por transeuntes indicando que no posto de combust\u00edveis haveria um homem ferido. A equipe se dirigiu ao local e entro em conversa com a v\u00edtima, o qual relatou que [&hellip;]<\/p>\n","protected":false},"author":2,"featured_media":22528,"comment_status":"open","ping_status":"open","sticky":false,"template":"","format":"standard","meta":{"footnotes":""},"categories":[2],"tags":[172],"class_list":["post-26793","post","type-post","status-publish","format-standard","has-post-thumbnail","hentry","category-policial","tag-featured"],"amp_enabled":true,"_links":{"self":[{"href":"https:\/\/radiostudiow.com.br\/site\/wp-json\/wp\/v2\/posts\/26793","targetHints":{"allow":["GET"]}}],"collection":[{"href":"https:\/\/radiostudiow.com.br\/site\/wp-json\/wp\/v2\/posts"}],"about":[{"href":"https:\/\/radiostudiow.com.br\/site\/wp-json\/wp\/v2\/types\/post"}],"author":[{"embeddable":true,"href":"https:\/\/radiostudiow.com.br\/site\/wp-json\/wp\/v2\/users\/2"}],"replies":[{"embeddable":true,"href":"https:\/\/radiostudiow.com.br\/site\/wp-json\/wp\/v2\/comments?post=26793"}],"version-history":[{"count":3,"href":"https:\/\/radiostudiow.com.br\/site\/wp-json\/wp\/v2\/posts\/26793\/revisions"}],"predecessor-version":[{"id":26823,"href":"https:\/\/radiostudiow.com.br\/site\/wp-json\/wp\/v2\/posts\/26793\/revisions\/26823"}],"wp:featuredmedia":[{"embeddable":true,"href":"https:\/\/radiostudiow.com.br\/site\/wp-json\/wp\/v2\/media\/22528"}],"wp:attachment":[{"href":"https:\/\/radiostudiow.com.br\/site\/wp-json\/wp\/v2\/media?parent=26793"}],"wp:term":[{"taxonomy":"category","embeddable":true,"href":"https:\/\/radiostudiow.com.br\/site\/wp-json\/wp\/v2\/categories?post=26793"},{"taxonomy":"post_tag","embeddable":true,"href":"https:\/\/radiostudiow.com.br\/site\/wp-json\/wp\/v2\/tags?post=26793"}],"curies":[{"name":"wp","href":"https:\/\/api.w.org\/{rel}","templated":true}]}}