{"id":26795,"date":"2024-08-30T12:02:52","date_gmt":"2024-08-30T15:02:52","guid":{"rendered":"https:\/\/radiostudiow.com.br\/site\/?p=26795"},"modified":"2025-01-31T14:58:57","modified_gmt":"2025-01-31T17:58:57","slug":"homem-que-cometeu-ataque-em-creche-de-sc-e-condenado-a-220-anos-de-prisao","status":"publish","type":"post","link":"https:\/\/radiostudiow.com.br\/site\/2024\/08\/30\/homem-que-cometeu-ataque-em-creche-de-sc-e-condenado-a-220-anos-de-prisao\/","title":{"rendered":"Homem que cometeu ataque em creche de SC \u00e9 condenado a 220 anos de pris\u00e3o"},"content":{"rendered":"\n<p>O acusado de matar quatro crian\u00e7as de uma creche de&nbsp;Blumenau, no Vale do Itaja\u00ed, em Santa Catarina, foi condenado em j\u00fari popular a&nbsp;220 anos de pris\u00e3o em regime inicialmente fechado. O r\u00e9u&nbsp;n\u00e3o pode recorrer em liberdade.<\/p>\n\n\n\n<p>O julgamento ocorreu nesta quinta-feira (29) na cidade. O g1 n\u00e3o conseguiu contato com a defesa do acusado.<\/p>\n\n\n\n<figure class=\"wp-block-image size-full\"><img loading=\"lazy\" decoding=\"async\" width=\"897\" height=\"204\" src=\"https:\/\/radiostudiow.com.br\/site\/wp-content\/uploads\/2024\/08\/TIJOLAO.png\" alt=\"\" class=\"wp-image-25951\" srcset=\"https:\/\/radiostudiow.com.br\/site\/wp-content\/uploads\/2024\/08\/TIJOLAO.png 897w, https:\/\/radiostudiow.com.br\/site\/wp-content\/uploads\/2024\/08\/TIJOLAO-300x68.png 300w, https:\/\/radiostudiow.com.br\/site\/wp-content\/uploads\/2024\/08\/TIJOLAO-768x175.png 768w\" sizes=\"auto, (max-width: 897px) 100vw, 897px\" \/><\/figure>\n\n\n\n<p>Ele recebeu pena por&nbsp;quatro homic\u00eddios qualificados e cinco tentativas de homic\u00eddio qualificado. As qualificadoras s\u00e3o motivo torpe, meio cruel, uso de recurso que dificultou a defesa das v\u00edtimas e crime contra menores de 14 anos.<\/p>\n\n\n\n<p>O crime aconteceu em 5 de abril de 2023. As v\u00edtimas tinham entre 4 e 7 anos. O homem se entregou \u00e0 pol\u00edcia ap\u00f3s o ataque e est\u00e1 preso desde ent\u00e3o.<\/p>\n\n\n\n<p>A audi\u00eancia ocorreu sob um esquema forte de seguran\u00e7a e restri\u00e7\u00f5es estabelecidas pelo Poder Judici\u00e1rio.<\/p>\n\n\n\n<h2 class=\"wp-block-heading\">Julgamento<\/h2>\n\n\n\n<p>Pouco antes do in\u00edcio da sess\u00e3o, familiares das v\u00edtimas e funcion\u00e1rios da creche formaram uma roda e fizeram ora\u00e7\u00f5es em frente ao f\u00f3rum. O r\u00e9u chegou ao local antes das 7h30, em um ve\u00edculo da Pol\u00edcia Penal catarinense.<\/p>\n\n\n\n<figure class=\"wp-block-image size-full\"><img loading=\"lazy\" decoding=\"async\" width=\"984\" height=\"738\" src=\"https:\/\/radiostudiow.com.br\/site\/wp-content\/uploads\/2024\/08\/image-77.png\" alt=\"\" class=\"wp-image-26796\" srcset=\"https:\/\/radiostudiow.com.br\/site\/wp-content\/uploads\/2024\/08\/image-77.png 984w, https:\/\/radiostudiow.com.br\/site\/wp-content\/uploads\/2024\/08\/image-77-300x225.png 300w, https:\/\/radiostudiow.com.br\/site\/wp-content\/uploads\/2024\/08\/image-77-768x576.png 768w\" sizes=\"auto, (max-width: 984px) 100vw, 984px\" \/><figcaption class=\"wp-element-caption\"><em>Familiares das v\u00edtimas e integrantes da creche fazem ora\u00e7\u00e3o em frente ao f\u00f3rum onde ocorreu j\u00fari \u2014 Foto: Felipe Salles\/NSC TV.<\/em><br><\/figcaption><\/figure>\n\n\n\n<p>O r\u00e9u foi ouvido por volta das 12h20 e confessou os crimes no depoimento que durou aproximadamente 10 minutos.<\/p>\n\n\n\n<p><em><strong>Antes disso, as quatro testemunhas de acusa\u00e7\u00e3o falaram:<\/strong><\/em><\/p>\n\n\n\n<ol class=\"wp-block-list\">\n<li>01 &#8211; um delegado;<\/li>\n\n\n\n<li>02 &#8211; um investigador;<\/li>\n\n\n\n<li>03 &#8211; m\u00e3e de uma das crian\u00e7as feridas;<\/li>\n\n\n\n<li>04 &#8211; uma auxiliar de classe da creche.<\/li>\n\n\n\n<li><\/li>\n<\/ol>\n\n\n\n<p>O mais longo depoimento foi o do delegado Rodrigo Raitez, que escreveu o relat\u00f3rio da Pol\u00edcia Civil. Ele falou sobre a cronologia dos fatos, e contou tudo que ouviu do r\u00e9u.Em seguida, falou a primeira testemunha de defesa, um amigo do r\u00e9u.<\/p>\n\n\n\n<p>Durante \u00e0 tarde, o Minist\u00e9rio P\u00fablico de Santa Catarina (MPSC), respons\u00e1vel pela acusa\u00e7\u00e3o apresentou a tese. Em seguida, foi a vez da defesa. Depois, houve a r\u00e9plica do MPSC e a tr\u00e9plica da defesa. Por fim, os jurados votaram e a senten\u00e7a foi lida pela ju\u00edza.<\/p>\n\n\n\n<figure class=\"wp-block-image size-full\"><img decoding=\"async\" src=\"https:\/\/radiostudiow.com.br\/site\/wp-content\/uploads\/2024\/04\/image-42.png\" alt=\"\" class=\"wp-image-21334\"\/><\/figure>\n\n\n\n<h2 class=\"wp-block-heading\">Restri\u00e7\u00f5es<\/h2>\n\n\n\n<p>Para garantir a seguran\u00e7a e o bom andamento da sess\u00e3o, o Poder Judici\u00e1rio aplicou diversas restri\u00e7\u00f5es. Entre elas, de que apenas familiares das v\u00edtimas e do r\u00e9u ter\u00e3o acesso ao julgamento, sem presen\u00e7a de p\u00fablico externo.<\/p>\n\n\n\n<p>No dia do j\u00fari, a&nbsp;rua Zenaide Santos de Souza, em frente ao f\u00f3rum, foi temporariamente fechada no in\u00edcio e no t\u00e9rmino do julgamento. Um forte esquema de seguran\u00e7a ser\u00e1 implementado.<\/p>\n\n\n\n<h2 class=\"wp-block-heading\">Quem s\u00e3o as v\u00edtimas<\/h2>\n\n\n\n<p>As v\u00edtimas, quatro crian\u00e7as que estavam na escola, tinham idades de 4 a 7 anos:<\/p>\n\n\n\n<ul class=\"wp-block-list\">\n<li>&#8211; Bernardo Cunha Machado \u2013 5 anos<\/li>\n\n\n\n<li>&#8211; Bernardo Pabst da Cunha \u2013 4 anos<\/li>\n\n\n\n<li>&#8211; Larissa Maia Toldo \u2013 7 anos<\/li>\n\n\n\n<li>&#8211; Enzo Marchesin Barbosa \u2013 4 anos<\/li>\n\n\n\n<li><\/li>\n\n\n\n<li><em>Com informa\u00e7\u00f5es g1<\/em><\/li>\n<\/ul>\n","protected":false},"excerpt":{"rendered":"<p>O acusado de matar quatro crian\u00e7as de uma creche de&nbsp;Blumenau, no Vale do Itaja\u00ed, em Santa Catarina, foi condenado em j\u00fari popular a&nbsp;220 anos de pris\u00e3o em regime inicialmente fechado. O r\u00e9u&nbsp;n\u00e3o pode recorrer em liberdade. O julgamento ocorreu nesta quinta-feira (29) na cidade. O g1 n\u00e3o conseguiu contato com a defesa do acusado. Ele [&hellip;]<\/p>\n","protected":false},"author":2,"featured_media":26797,"comment_status":"open","ping_status":"open","sticky":false,"template":"","format":"standard","meta":{"footnotes":""},"categories":[2],"tags":[172],"class_list":["post-26795","post","type-post","status-publish","format-standard","has-post-thumbnail","hentry","category-policial","tag-featured"],"amp_enabled":true,"_links":{"self":[{"href":"https:\/\/radiostudiow.com.br\/site\/wp-json\/wp\/v2\/posts\/26795","targetHints":{"allow":["GET"]}}],"collection":[{"href":"https:\/\/radiostudiow.com.br\/site\/wp-json\/wp\/v2\/posts"}],"about":[{"href":"https:\/\/radiostudiow.com.br\/site\/wp-json\/wp\/v2\/types\/post"}],"author":[{"embeddable":true,"href":"https:\/\/radiostudiow.com.br\/site\/wp-json\/wp\/v2\/users\/2"}],"replies":[{"embeddable":true,"href":"https:\/\/radiostudiow.com.br\/site\/wp-json\/wp\/v2\/comments?post=26795"}],"version-history":[{"count":1,"href":"https:\/\/radiostudiow.com.br\/site\/wp-json\/wp\/v2\/posts\/26795\/revisions"}],"predecessor-version":[{"id":26798,"href":"https:\/\/radiostudiow.com.br\/site\/wp-json\/wp\/v2\/posts\/26795\/revisions\/26798"}],"wp:featuredmedia":[{"embeddable":true,"href":"https:\/\/radiostudiow.com.br\/site\/wp-json\/wp\/v2\/media\/26797"}],"wp:attachment":[{"href":"https:\/\/radiostudiow.com.br\/site\/wp-json\/wp\/v2\/media?parent=26795"}],"wp:term":[{"taxonomy":"category","embeddable":true,"href":"https:\/\/radiostudiow.com.br\/site\/wp-json\/wp\/v2\/categories?post=26795"},{"taxonomy":"post_tag","embeddable":true,"href":"https:\/\/radiostudiow.com.br\/site\/wp-json\/wp\/v2\/tags?post=26795"}],"curies":[{"name":"wp","href":"https:\/\/api.w.org\/{rel}","templated":true}]}}