{"id":26807,"date":"2024-08-30T18:23:39","date_gmt":"2024-08-30T21:23:39","guid":{"rendered":"https:\/\/radiostudiow.com.br\/site\/?p=26807"},"modified":"2025-01-31T14:58:57","modified_gmt":"2025-01-31T17:58:57","slug":"carreta-sai-da-pista-na-curva-em-paulo-frontin","status":"publish","type":"post","link":"https:\/\/radiostudiow.com.br\/site\/2024\/08\/30\/carreta-sai-da-pista-na-curva-em-paulo-frontin\/","title":{"rendered":"Carreta sai da pista na curva em Paulo Frontin"},"content":{"rendered":"\n<p><strong>Carreta sai da pista na curva em Paulo Frontin<\/strong><\/p>\n\n\n\n<p>Uma sa\u00edda de pista foi registrada na BR-476, na curva do Limoeiro em Paulo Frontin na manh\u00e3 desta sexta-feira (30).<\/p>\n\n\n\n<p>Segundo informa\u00e7\u00f5es do Corpo de Bombeiros de S\u00e3o Mateus do Sul, a carreta estava carregada de compensados que ficaram na pista de rolamento e o condutor n\u00e3o se feriu.<\/p>\n\n\n\n<p>A Pol\u00edcia Rodovi\u00e1ria Federal (PRF), foi acionada e atendeu o acidente.<\/p>\n","protected":false},"excerpt":{"rendered":"<p>Carreta sai da pista na curva em Paulo Frontin Uma sa\u00edda de pista foi registrada na BR-476, na curva do Limoeiro em Paulo Frontin na manh\u00e3 desta sexta-feira (30). Segundo informa\u00e7\u00f5es do Corpo de Bombeiros de S\u00e3o Mateus do Sul, a carreta estava carregada de compensados que ficaram na pista de rolamento e o condutor [&hellip;]<\/p>\n","protected":false},"author":2,"featured_media":26817,"comment_status":"open","ping_status":"open","sticky":false,"template":"","format":"standard","meta":{"footnotes":""},"categories":[185],"tags":[172],"class_list":["post-26807","post","type-post","status-publish","format-standard","has-post-thumbnail","hentry","category-regional","tag-featured"],"amp_enabled":true,"_links":{"self":[{"href":"https:\/\/radiostudiow.com.br\/site\/wp-json\/wp\/v2\/posts\/26807","targetHints":{"allow":["GET"]}}],"collection":[{"href":"https:\/\/radiostudiow.com.br\/site\/wp-json\/wp\/v2\/posts"}],"about":[{"href":"https:\/\/radiostudiow.com.br\/site\/wp-json\/wp\/v2\/types\/post"}],"author":[{"embeddable":true,"href":"https:\/\/radiostudiow.com.br\/site\/wp-json\/wp\/v2\/users\/2"}],"replies":[{"embeddable":true,"href":"https:\/\/radiostudiow.com.br\/site\/wp-json\/wp\/v2\/comments?post=26807"}],"version-history":[{"count":1,"href":"https:\/\/radiostudiow.com.br\/site\/wp-json\/wp\/v2\/posts\/26807\/revisions"}],"predecessor-version":[{"id":26808,"href":"https:\/\/radiostudiow.com.br\/site\/wp-json\/wp\/v2\/posts\/26807\/revisions\/26808"}],"wp:featuredmedia":[{"embeddable":true,"href":"https:\/\/radiostudiow.com.br\/site\/wp-json\/wp\/v2\/media\/26817"}],"wp:attachment":[{"href":"https:\/\/radiostudiow.com.br\/site\/wp-json\/wp\/v2\/media?parent=26807"}],"wp:term":[{"taxonomy":"category","embeddable":true,"href":"https:\/\/radiostudiow.com.br\/site\/wp-json\/wp\/v2\/categories?post=26807"},{"taxonomy":"post_tag","embeddable":true,"href":"https:\/\/radiostudiow.com.br\/site\/wp-json\/wp\/v2\/tags?post=26807"}],"curies":[{"name":"wp","href":"https:\/\/api.w.org\/{rel}","templated":true}]}}