{"id":26834,"date":"2024-08-31T10:50:03","date_gmt":"2024-08-31T13:50:03","guid":{"rendered":"https:\/\/radiostudiow.com.br\/site\/?p=26834"},"modified":"2025-01-31T14:58:31","modified_gmt":"2025-01-31T17:58:31","slug":"pm-de-sao-joao-do-triunfo-e-acionada-apos-homem-baleado-dar-entrada-no-hospital","status":"publish","type":"post","link":"https:\/\/radiostudiow.com.br\/site\/2024\/08\/31\/pm-de-sao-joao-do-triunfo-e-acionada-apos-homem-baleado-dar-entrada-no-hospital\/","title":{"rendered":"PM de S\u00e3o Jo\u00e3o do Triunfo \u00e9 acionada ap\u00f3s homem baleado dar entrada no hospital"},"content":{"rendered":"\n<p>A equipe da Pol\u00edcia Militar de S\u00e3o Jo\u00e3o do Triunfo foi acionada por volta das 02 horas da madrugada dessa sexta-feira, 30 de agosto, por funcion\u00e1rios do hospital Imaculada Concei\u00e7\u00e3o, onde informaram que estava sendo realizado atendimento de um homem, o qual deu entrada no hospital v\u00edtima de disparo de arma de fogo. <\/p>\n\n\n\n<p>Segundo o m\u00e9dico de plant\u00e3o, a v\u00edtima apresentava em seu bra\u00e7o direito duas perfura\u00e7\u00f5es de disparo de arma de fogo.<\/p>\n\n\n\n<figure class=\"wp-block-image size-full\"><img decoding=\"async\" src=\"https:\/\/radiostudiow.com.br\/site\/wp-content\/uploads\/2024\/04\/image-42.png\" alt=\"\" class=\"wp-image-21334\"\/><\/figure>\n\n\n\n<p>Em contato com a esposa do homem, ela passou a relatar que mora em uma \u00e1rea rural do munic\u00edpio, e que por volta das 20 horas ela e seu esposo escutaram barulhos nos fundos da resid\u00eancia, onde ficam alguns animais. A esposa relatou que seu marido tem uma espingarda e que de posse da mesma saiu em seu terreno para averiguar se teria algu\u00e9m no local.<\/p>\n\n\n\n<p>A mulher disse que o marido se desequilibrou e caiu com a espingarda, a mesma disparou acidentalmente na dire\u00e7\u00e3o do seu bra\u00e7o direito causando les\u00f5es. Foi deslocado at\u00e9 a delegacia com o armamento apreendido pois n\u00e3o possui documenta\u00e7\u00e3o, a v\u00edtima continua hospitalizada.<\/p>\n","protected":false},"excerpt":{"rendered":"<p>A equipe da Pol\u00edcia Militar de S\u00e3o Jo\u00e3o do Triunfo foi acionada por volta das 02 horas da madrugada dessa sexta-feira, 30 de agosto, por funcion\u00e1rios do hospital Imaculada Concei\u00e7\u00e3o, onde informaram que estava sendo realizado atendimento de um homem, o qual deu entrada no hospital v\u00edtima de disparo de arma de fogo. Segundo o [&hellip;]<\/p>\n","protected":false},"author":2,"featured_media":26835,"comment_status":"open","ping_status":"open","sticky":false,"template":"","format":"standard","meta":{"footnotes":""},"categories":[2],"tags":[172],"class_list":["post-26834","post","type-post","status-publish","format-standard","has-post-thumbnail","hentry","category-policial","tag-featured"],"amp_enabled":true,"_links":{"self":[{"href":"https:\/\/radiostudiow.com.br\/site\/wp-json\/wp\/v2\/posts\/26834","targetHints":{"allow":["GET"]}}],"collection":[{"href":"https:\/\/radiostudiow.com.br\/site\/wp-json\/wp\/v2\/posts"}],"about":[{"href":"https:\/\/radiostudiow.com.br\/site\/wp-json\/wp\/v2\/types\/post"}],"author":[{"embeddable":true,"href":"https:\/\/radiostudiow.com.br\/site\/wp-json\/wp\/v2\/users\/2"}],"replies":[{"embeddable":true,"href":"https:\/\/radiostudiow.com.br\/site\/wp-json\/wp\/v2\/comments?post=26834"}],"version-history":[{"count":2,"href":"https:\/\/radiostudiow.com.br\/site\/wp-json\/wp\/v2\/posts\/26834\/revisions"}],"predecessor-version":[{"id":26837,"href":"https:\/\/radiostudiow.com.br\/site\/wp-json\/wp\/v2\/posts\/26834\/revisions\/26837"}],"wp:featuredmedia":[{"embeddable":true,"href":"https:\/\/radiostudiow.com.br\/site\/wp-json\/wp\/v2\/media\/26835"}],"wp:attachment":[{"href":"https:\/\/radiostudiow.com.br\/site\/wp-json\/wp\/v2\/media?parent=26834"}],"wp:term":[{"taxonomy":"category","embeddable":true,"href":"https:\/\/radiostudiow.com.br\/site\/wp-json\/wp\/v2\/categories?post=26834"},{"taxonomy":"post_tag","embeddable":true,"href":"https:\/\/radiostudiow.com.br\/site\/wp-json\/wp\/v2\/tags?post=26834"}],"curies":[{"name":"wp","href":"https:\/\/api.w.org\/{rel}","templated":true}]}}