{"id":26842,"date":"2024-09-02T09:57:17","date_gmt":"2024-09-02T12:57:17","guid":{"rendered":"https:\/\/radiostudiow.com.br\/site\/?p=26842"},"modified":"2025-01-31T14:58:31","modified_gmt":"2025-01-31T17:58:31","slug":"policia-foi-acionada-para-atender-incendio-criminoso-em-uniao-da-vitoria","status":"publish","type":"post","link":"https:\/\/radiostudiow.com.br\/site\/2024\/09\/02\/policia-foi-acionada-para-atender-incendio-criminoso-em-uniao-da-vitoria\/","title":{"rendered":"PM e Corpo de Bombeiros foi acionada para atender inc\u00eandio criminoso em Uni\u00e3o da Vit\u00f3ria"},"content":{"rendered":"\n<p>A equipe policial foi acionada para prestar apoio ao Corpo de Bombeiros em uma ocorr\u00eancia de inc\u00eandio ambiental na regi\u00e3o do bairro S\u00e3o Br\u00e1s em Uni\u00e3o da Vit\u00f3ria \u00e0s 19:50 horas deste domingo (01\u00b0).<\/p>\n\n\n\n<p>No local, os bombeiros informaram que o inc\u00eandio, que estava se alastrando em uma \u00e1rea de mata, j\u00e1 havia sido controlado no momento da chegada da equipe policial.<\/p>\n\n\n\n<figure class=\"wp-block-image size-large\"><img loading=\"lazy\" decoding=\"async\" width=\"1024\" height=\"390\" src=\"https:\/\/radiostudiow.com.br\/site\/wp-content\/uploads\/2024\/06\/449383450_900410565459867_7398886830294326458_n-1024x390.png\" alt=\"\" class=\"wp-image-24042\" srcset=\"https:\/\/radiostudiow.com.br\/site\/wp-content\/uploads\/2024\/06\/449383450_900410565459867_7398886830294326458_n-1024x390.png 1024w, https:\/\/radiostudiow.com.br\/site\/wp-content\/uploads\/2024\/06\/449383450_900410565459867_7398886830294326458_n-300x114.png 300w, https:\/\/radiostudiow.com.br\/site\/wp-content\/uploads\/2024\/06\/449383450_900410565459867_7398886830294326458_n-768x292.png 768w, https:\/\/radiostudiow.com.br\/site\/wp-content\/uploads\/2024\/06\/449383450_900410565459867_7398886830294326458_n-1536x584.png 1536w, https:\/\/radiostudiow.com.br\/site\/wp-content\/uploads\/2024\/06\/449383450_900410565459867_7398886830294326458_n-2048x779.png 2048w\" sizes=\"auto, (max-width: 1024px) 100vw, 1024px\" \/><\/figure>\n\n\n\n<p>Uma testemunha presente no local relatou ter visto\u00a0tr\u00eas homens ateando fogo na mata antes de fugirem em um autom\u00f3vel. A equipe policial realizou patrulhamento na \u00e1rea com o objetivo de localizar os suspeitos, mas n\u00e3o obteve sucesso.<\/p>\n\n\n\n<p>Foi registrado um boletim de ocorr\u00eancia sobre o incidente, e as buscas pelos respons\u00e1veis continuam. A pol\u00edcia solicita que qualquer informa\u00e7\u00e3o relevante seja comunicada aos canais oficiais para auxiliar na identifica\u00e7\u00e3o e captura dos suspeitos.<\/p>\n","protected":false},"excerpt":{"rendered":"<p>A equipe policial foi acionada para prestar apoio ao Corpo de Bombeiros em uma ocorr\u00eancia de inc\u00eandio ambiental na regi\u00e3o do bairro S\u00e3o Br\u00e1s em Uni\u00e3o da Vit\u00f3ria \u00e0s 19:50 horas deste domingo (01\u00b0). No local, os bombeiros informaram que o inc\u00eandio, que estava se alastrando em uma \u00e1rea de mata, j\u00e1 havia sido controlado [&hellip;]<\/p>\n","protected":false},"author":2,"featured_media":26843,"comment_status":"open","ping_status":"open","sticky":false,"template":"","format":"standard","meta":{"footnotes":""},"categories":[185],"tags":[172],"class_list":["post-26842","post","type-post","status-publish","format-standard","has-post-thumbnail","hentry","category-regional","tag-featured"],"amp_enabled":true,"_links":{"self":[{"href":"https:\/\/radiostudiow.com.br\/site\/wp-json\/wp\/v2\/posts\/26842","targetHints":{"allow":["GET"]}}],"collection":[{"href":"https:\/\/radiostudiow.com.br\/site\/wp-json\/wp\/v2\/posts"}],"about":[{"href":"https:\/\/radiostudiow.com.br\/site\/wp-json\/wp\/v2\/types\/post"}],"author":[{"embeddable":true,"href":"https:\/\/radiostudiow.com.br\/site\/wp-json\/wp\/v2\/users\/2"}],"replies":[{"embeddable":true,"href":"https:\/\/radiostudiow.com.br\/site\/wp-json\/wp\/v2\/comments?post=26842"}],"version-history":[{"count":2,"href":"https:\/\/radiostudiow.com.br\/site\/wp-json\/wp\/v2\/posts\/26842\/revisions"}],"predecessor-version":[{"id":26846,"href":"https:\/\/radiostudiow.com.br\/site\/wp-json\/wp\/v2\/posts\/26842\/revisions\/26846"}],"wp:featuredmedia":[{"embeddable":true,"href":"https:\/\/radiostudiow.com.br\/site\/wp-json\/wp\/v2\/media\/26843"}],"wp:attachment":[{"href":"https:\/\/radiostudiow.com.br\/site\/wp-json\/wp\/v2\/media?parent=26842"}],"wp:term":[{"taxonomy":"category","embeddable":true,"href":"https:\/\/radiostudiow.com.br\/site\/wp-json\/wp\/v2\/categories?post=26842"},{"taxonomy":"post_tag","embeddable":true,"href":"https:\/\/radiostudiow.com.br\/site\/wp-json\/wp\/v2\/tags?post=26842"}],"curies":[{"name":"wp","href":"https:\/\/api.w.org\/{rel}","templated":true}]}}