{"id":26847,"date":"2024-09-02T10:28:17","date_gmt":"2024-09-02T13:28:17","guid":{"rendered":"https:\/\/radiostudiow.com.br\/site\/?p=26847"},"modified":"2025-01-31T14:58:30","modified_gmt":"2025-01-31T17:58:30","slug":"incendio-em-secador-na-area-industrial-e-controlado-apos-curto-circuito","status":"publish","type":"post","link":"https:\/\/radiostudiow.com.br\/site\/2024\/09\/02\/incendio-em-secador-na-area-industrial-e-controlado-apos-curto-circuito\/","title":{"rendered":"Inc\u00eandio em secador na \u00e1rea industrial em Porto Uni\u00e3o \u00e9 controlado ap\u00f3s curto circuito"},"content":{"rendered":"\n<p>Na tarde deste domingo, 01\u00b0 de setembro, um princ\u00edpio de inc\u00eandio foi registrado em uma empresa localizada na \u00e1rea industrial de Porto Uni\u00e3o.\u00a0O incidente ocorreu devido a um curto-circuito na rede el\u00e9trica, envolvendo o sistema de secagem da empresa, o que gerou chamas na parte superior do barrac\u00e3o, onde serragem estava armazenada.<\/p>\n\n\n\n<figure class=\"wp-block-image size-full\"><img decoding=\"async\" src=\"https:\/\/radiostudiow.com.br\/site\/wp-content\/uploads\/2024\/04\/image-58.png\" alt=\"\" class=\"wp-image-21416\"\/><\/figure>\n\n\n\n<p>O Corpo de Bombeiros foi acionado imediatamente, por\u00e9m, ao chegar ao local, n\u00e3o p\u00f4de iniciar o combate direto ao fogo devido ao risco da eletricidade ainda estar ativa.&nbsp;A atua\u00e7\u00e3o dos bombeiros ficou condicionada \u00e0 chegada de um eletricista, que rapidamente desativou a rede el\u00e9trica.<\/p>\n\n\n\n<p>Ap\u00f3s a interrup\u00e7\u00e3o da energia, os bombeiros controlaram as chamas, evitando a propaga\u00e7\u00e3o do fogo para outras \u00e1reas da empresa. Felizmente, n\u00e3o houve registro de feridos, e os danos foram contidos na \u00e1rea afetada pela serragem.<\/p>\n\n\n\n<figure class=\"wp-block-image size-full\"><img loading=\"lazy\" decoding=\"async\" width=\"450\" height=\"600\" src=\"https:\/\/radiostudiow.com.br\/site\/wp-content\/uploads\/2024\/09\/image-1.png\" alt=\"\" class=\"wp-image-26849\" srcset=\"https:\/\/radiostudiow.com.br\/site\/wp-content\/uploads\/2024\/09\/image-1.png 450w, https:\/\/radiostudiow.com.br\/site\/wp-content\/uploads\/2024\/09\/image-1-225x300.png 225w\" sizes=\"auto, (max-width: 450px) 100vw, 450px\" \/><figcaption class=\"wp-element-caption\">Foto: Assis Krebs<\/figcaption><\/figure>\n","protected":false},"excerpt":{"rendered":"<p>Na tarde deste domingo, 01\u00b0 de setembro, um princ\u00edpio de inc\u00eandio foi registrado em uma empresa localizada na \u00e1rea industrial de Porto Uni\u00e3o.\u00a0O incidente ocorreu devido a um curto-circuito na rede el\u00e9trica, envolvendo o sistema de secagem da empresa, o que gerou chamas na parte superior do barrac\u00e3o, onde serragem estava armazenada. O Corpo de [&hellip;]<\/p>\n","protected":false},"author":2,"featured_media":26848,"comment_status":"open","ping_status":"open","sticky":false,"template":"","format":"standard","meta":{"footnotes":""},"categories":[185],"tags":[172],"class_list":["post-26847","post","type-post","status-publish","format-standard","has-post-thumbnail","hentry","category-regional","tag-featured"],"amp_enabled":true,"_links":{"self":[{"href":"https:\/\/radiostudiow.com.br\/site\/wp-json\/wp\/v2\/posts\/26847","targetHints":{"allow":["GET"]}}],"collection":[{"href":"https:\/\/radiostudiow.com.br\/site\/wp-json\/wp\/v2\/posts"}],"about":[{"href":"https:\/\/radiostudiow.com.br\/site\/wp-json\/wp\/v2\/types\/post"}],"author":[{"embeddable":true,"href":"https:\/\/radiostudiow.com.br\/site\/wp-json\/wp\/v2\/users\/2"}],"replies":[{"embeddable":true,"href":"https:\/\/radiostudiow.com.br\/site\/wp-json\/wp\/v2\/comments?post=26847"}],"version-history":[{"count":3,"href":"https:\/\/radiostudiow.com.br\/site\/wp-json\/wp\/v2\/posts\/26847\/revisions"}],"predecessor-version":[{"id":26866,"href":"https:\/\/radiostudiow.com.br\/site\/wp-json\/wp\/v2\/posts\/26847\/revisions\/26866"}],"wp:featuredmedia":[{"embeddable":true,"href":"https:\/\/radiostudiow.com.br\/site\/wp-json\/wp\/v2\/media\/26848"}],"wp:attachment":[{"href":"https:\/\/radiostudiow.com.br\/site\/wp-json\/wp\/v2\/media?parent=26847"}],"wp:term":[{"taxonomy":"category","embeddable":true,"href":"https:\/\/radiostudiow.com.br\/site\/wp-json\/wp\/v2\/categories?post=26847"},{"taxonomy":"post_tag","embeddable":true,"href":"https:\/\/radiostudiow.com.br\/site\/wp-json\/wp\/v2\/tags?post=26847"}],"curies":[{"name":"wp","href":"https:\/\/api.w.org\/{rel}","templated":true}]}}