{"id":26856,"date":"2024-09-02T11:09:35","date_gmt":"2024-09-02T14:09:35","guid":{"rendered":"https:\/\/radiostudiow.com.br\/site\/?p=26856"},"modified":"2025-01-31T14:58:30","modified_gmt":"2025-01-31T17:58:30","slug":"homem-e-agredido-com-facao-em-uniao-da-vitoria","status":"publish","type":"post","link":"https:\/\/radiostudiow.com.br\/site\/2024\/09\/02\/homem-e-agredido-com-facao-em-uniao-da-vitoria\/","title":{"rendered":"Homem \u00e9 agredido com fac\u00e3o em Uni\u00e3o da Vit\u00f3ria"},"content":{"rendered":"\n<p>A equipe da Pol\u00edcia Militar de Uni\u00e3o da Vit\u00f3ria foi acionada para averiguar uma situa\u00e7\u00e3o de les\u00e3o corporal por volta das 21:30 horas deste s\u00e1bado (31).<\/p>\n\n\n\n<figure class=\"wp-block-image size-full\"><img loading=\"lazy\" decoding=\"async\" width=\"590\" height=\"204\" src=\"https:\/\/radiostudiow.com.br\/site\/wp-content\/uploads\/2024\/04\/image-9.png\" alt=\"\" class=\"wp-image-21181\" srcset=\"https:\/\/radiostudiow.com.br\/site\/wp-content\/uploads\/2024\/04\/image-9.png 590w, https:\/\/radiostudiow.com.br\/site\/wp-content\/uploads\/2024\/04\/image-9-300x104.png 300w\" sizes=\"auto, (max-width: 590px) 100vw, 590px\" \/><\/figure>\n\n\n\n<p>No local, foi conversado com um homem, que relatou que estava saindo de seu trabalho quando percebeu um indiv\u00edduo parado na esquina do a\u00e7ougue com um fac\u00e3o em m\u00e3os. Quando ele se aproximou, o autor lhe acertou alguns golpes.<\/p>\n\n\n\n<p>A agress\u00e3o resultou em alguns hematomas no bra\u00e7o esquerdo e a v\u00edtima recusou atendimento m\u00e9dico. Devido ao fato do autor n\u00e3o estar no local, a v\u00edtima foi orientada quantos aos procedimentos cab\u00edveis perante a pol\u00edcia judici\u00e1ria e foi lavrado o boletim de ocorr\u00eancia.<\/p>\n","protected":false},"excerpt":{"rendered":"<p>A equipe da Pol\u00edcia Militar de Uni\u00e3o da Vit\u00f3ria foi acionada para averiguar uma situa\u00e7\u00e3o de les\u00e3o corporal por volta das 21:30 horas deste s\u00e1bado (31). No local, foi conversado com um homem, que relatou que estava saindo de seu trabalho quando percebeu um indiv\u00edduo parado na esquina do a\u00e7ougue com um fac\u00e3o em m\u00e3os. [&hellip;]<\/p>\n","protected":false},"author":2,"featured_media":21681,"comment_status":"open","ping_status":"open","sticky":false,"template":"","format":"standard","meta":{"footnotes":""},"categories":[2],"tags":[172],"class_list":["post-26856","post","type-post","status-publish","format-standard","has-post-thumbnail","hentry","category-policial","tag-featured"],"amp_enabled":true,"_links":{"self":[{"href":"https:\/\/radiostudiow.com.br\/site\/wp-json\/wp\/v2\/posts\/26856","targetHints":{"allow":["GET"]}}],"collection":[{"href":"https:\/\/radiostudiow.com.br\/site\/wp-json\/wp\/v2\/posts"}],"about":[{"href":"https:\/\/radiostudiow.com.br\/site\/wp-json\/wp\/v2\/types\/post"}],"author":[{"embeddable":true,"href":"https:\/\/radiostudiow.com.br\/site\/wp-json\/wp\/v2\/users\/2"}],"replies":[{"embeddable":true,"href":"https:\/\/radiostudiow.com.br\/site\/wp-json\/wp\/v2\/comments?post=26856"}],"version-history":[{"count":2,"href":"https:\/\/radiostudiow.com.br\/site\/wp-json\/wp\/v2\/posts\/26856\/revisions"}],"predecessor-version":[{"id":26868,"href":"https:\/\/radiostudiow.com.br\/site\/wp-json\/wp\/v2\/posts\/26856\/revisions\/26868"}],"wp:featuredmedia":[{"embeddable":true,"href":"https:\/\/radiostudiow.com.br\/site\/wp-json\/wp\/v2\/media\/21681"}],"wp:attachment":[{"href":"https:\/\/radiostudiow.com.br\/site\/wp-json\/wp\/v2\/media?parent=26856"}],"wp:term":[{"taxonomy":"category","embeddable":true,"href":"https:\/\/radiostudiow.com.br\/site\/wp-json\/wp\/v2\/categories?post=26856"},{"taxonomy":"post_tag","embeddable":true,"href":"https:\/\/radiostudiow.com.br\/site\/wp-json\/wp\/v2\/tags?post=26856"}],"curies":[{"name":"wp","href":"https:\/\/api.w.org\/{rel}","templated":true}]}}