{"id":26890,"date":"2024-09-02T20:59:56","date_gmt":"2024-09-02T23:59:56","guid":{"rendered":"https:\/\/radiostudiow.com.br\/site\/?p=26890"},"modified":"2025-01-31T14:58:30","modified_gmt":"2025-01-31T17:58:30","slug":"projeto-folha-na-escola-em-mallet-anuncia-vencedores-da-fase-municipal-do-concurso-de-redacao-2024","status":"publish","type":"post","link":"https:\/\/radiostudiow.com.br\/site\/2024\/09\/02\/projeto-folha-na-escola-em-mallet-anuncia-vencedores-da-fase-municipal-do-concurso-de-redacao-2024\/","title":{"rendered":"Projeto Folha na Escola em Mallet. Anuncia vencedores da fase municipal do Concurso de Reda\u00e7\u00e3o 2024"},"content":{"rendered":"\n<p>Ap\u00f3s uma criteriosa avalia\u00e7\u00e3o de centenas de reda\u00e7\u00f5es enviadas por diversos talentos das escolas dos munic\u00edpios de Mallet, Irati, Imbituva e Teixeira Soares, os vencedores do Concurso de Cultural Reda\u00e7\u00e3o 2024 do Projeto Folha na Escola.<\/p>\n\n\n\n<p><em>Nas pr\u00f3ximas edi\u00e7\u00f5es ser\u00e1 divulgado o dia e local da final do concurso.<\/em><\/p>\n\n\n\n<figure class=\"wp-block-image size-full\"><img decoding=\"async\" src=\"https:\/\/radiostudiow.com.br\/site\/wp-content\/uploads\/2024\/04\/SITE-MEDIO.png\" alt=\"\" class=\"wp-image-21854\"\/><\/figure>\n\n\n\n<p>Ap\u00f3s v\u00e1rios dias de leitura, avalia\u00e7\u00e3o, organiza\u00e7\u00e3o e empenho do corpo de jurados escolhidos para dar notas para as reda\u00e7\u00f5es, os vencedores poder\u00e3o ser anunciados.<\/p>\n\n\n\n<p>A leitura e a escrita na vida dos alunos t\u00eam extrema import\u00e2ncia e sem o professor, nada seria poss\u00edvel. O empenho de cada profissional em orientar as crian\u00e7as e incentivar a educa\u00e7\u00e3o em seus munic\u00edpios.<\/p>\n\n\n\n<h2 class=\"wp-block-heading\"><strong>Os vencedores do munic\u00edpio de Mallet s\u00e3o:<\/strong><\/h2>\n\n\n\n<p><strong>1\u00ba lugar: Pedro Henrique Loginski<\/strong>, do 3\u00ba A da Escola Municipal On\u00e9simo Juraszek. T\u00edtulo da reda\u00e7\u00e3o: \u201cCuque da vov\u00f3 Luisa\u201d;<\/p>\n\n\n\n<p><strong>2\u00ba lugar: Lucas Ivan Rogulski<\/strong>, do 4\u00ba B da Escola Municipal Divino Esp\u00edrito Santo. T\u00edtulo da reda\u00e7\u00e3o \u201cNega da tia Nega\u201d;<\/p>\n\n\n\n<p><strong>3\u00ba lugar: Alice Vit\u00f3ria de Souza Poleski<\/strong>, do 3\u00ba B da Escola Municipal Divino Esp\u00edrito Santo. T\u00edtulo da reda\u00e7\u00e3o: \u201cPrimeira refei\u00e7\u00e3o com a fam\u00edlia\u201d.<\/p>\n\n\n\n<p><strong><em>As professoras orientadoras s\u00e3o: Elenice (1\u00ba lugar), Marcia C. Trojan (2\u00ba lugar) e Luana (3\u00ba lugar).<\/em><\/strong><\/p>\n","protected":false},"excerpt":{"rendered":"<p>Ap\u00f3s uma criteriosa avalia\u00e7\u00e3o de centenas de reda\u00e7\u00f5es enviadas por diversos talentos das escolas dos munic\u00edpios de Mallet, Irati, Imbituva e Teixeira Soares, os vencedores do Concurso de Cultural Reda\u00e7\u00e3o 2024 do Projeto Folha na Escola. Nas pr\u00f3ximas edi\u00e7\u00f5es ser\u00e1 divulgado o dia e local da final do concurso. Ap\u00f3s v\u00e1rios dias de leitura, avalia\u00e7\u00e3o, [&hellip;]<\/p>\n","protected":false},"author":2,"featured_media":26892,"comment_status":"open","ping_status":"open","sticky":false,"template":"","format":"standard","meta":{"footnotes":""},"categories":[185],"tags":[172],"class_list":["post-26890","post","type-post","status-publish","format-standard","has-post-thumbnail","hentry","category-regional","tag-featured"],"amp_enabled":true,"_links":{"self":[{"href":"https:\/\/radiostudiow.com.br\/site\/wp-json\/wp\/v2\/posts\/26890","targetHints":{"allow":["GET"]}}],"collection":[{"href":"https:\/\/radiostudiow.com.br\/site\/wp-json\/wp\/v2\/posts"}],"about":[{"href":"https:\/\/radiostudiow.com.br\/site\/wp-json\/wp\/v2\/types\/post"}],"author":[{"embeddable":true,"href":"https:\/\/radiostudiow.com.br\/site\/wp-json\/wp\/v2\/users\/2"}],"replies":[{"embeddable":true,"href":"https:\/\/radiostudiow.com.br\/site\/wp-json\/wp\/v2\/comments?post=26890"}],"version-history":[{"count":3,"href":"https:\/\/radiostudiow.com.br\/site\/wp-json\/wp\/v2\/posts\/26890\/revisions"}],"predecessor-version":[{"id":26902,"href":"https:\/\/radiostudiow.com.br\/site\/wp-json\/wp\/v2\/posts\/26890\/revisions\/26902"}],"wp:featuredmedia":[{"embeddable":true,"href":"https:\/\/radiostudiow.com.br\/site\/wp-json\/wp\/v2\/media\/26892"}],"wp:attachment":[{"href":"https:\/\/radiostudiow.com.br\/site\/wp-json\/wp\/v2\/media?parent=26890"}],"wp:term":[{"taxonomy":"category","embeddable":true,"href":"https:\/\/radiostudiow.com.br\/site\/wp-json\/wp\/v2\/categories?post=26890"},{"taxonomy":"post_tag","embeddable":true,"href":"https:\/\/radiostudiow.com.br\/site\/wp-json\/wp\/v2\/tags?post=26890"}],"curies":[{"name":"wp","href":"https:\/\/api.w.org\/{rel}","templated":true}]}}