{"id":26893,"date":"2024-09-02T20:57:07","date_gmt":"2024-09-02T23:57:07","guid":{"rendered":"https:\/\/radiostudiow.com.br\/site\/?p=26893"},"modified":"2025-01-31T14:58:30","modified_gmt":"2025-01-31T17:58:30","slug":"secretaria-municipal-da-educacao-de-mallet-convida-voce-a-participar-da-semana-da-patria","status":"publish","type":"post","link":"https:\/\/radiostudiow.com.br\/site\/2024\/09\/02\/secretaria-municipal-da-educacao-de-mallet-convida-voce-a-participar-da-semana-da-patria\/","title":{"rendered":"Secretaria Municipal da Educa\u00e7\u00e3o de Mallet convida voc\u00ea a participar da semana da P\u00e1tria"},"content":{"rendered":"\n<p>Na manh\u00e3 de hoje, segunda-ferira (02), a Secretaria Municipal da Educa\u00e7\u00e3o iniciou as comemora\u00e7\u00f5es da Semana da P\u00e1tria, foi realizado o hasteamento da Bandeira \u00e0s 09 horas e o arriamento ocorreu \u00e1s 15 horas na Pra\u00e7a dos Expedicion\u00e1rios.<\/p>\n\n\n\n<figure class=\"wp-block-image size-large\"><img loading=\"lazy\" decoding=\"async\" width=\"1024\" height=\"390\" src=\"https:\/\/radiostudiow.com.br\/site\/wp-content\/uploads\/2024\/06\/449383450_900410565459867_7398886830294326458_n-1024x390.png\" alt=\"\" class=\"wp-image-24042\" srcset=\"https:\/\/radiostudiow.com.br\/site\/wp-content\/uploads\/2024\/06\/449383450_900410565459867_7398886830294326458_n-1024x390.png 1024w, https:\/\/radiostudiow.com.br\/site\/wp-content\/uploads\/2024\/06\/449383450_900410565459867_7398886830294326458_n-300x114.png 300w, https:\/\/radiostudiow.com.br\/site\/wp-content\/uploads\/2024\/06\/449383450_900410565459867_7398886830294326458_n-768x292.png 768w, https:\/\/radiostudiow.com.br\/site\/wp-content\/uploads\/2024\/06\/449383450_900410565459867_7398886830294326458_n-1536x584.png 1536w, https:\/\/radiostudiow.com.br\/site\/wp-content\/uploads\/2024\/06\/449383450_900410565459867_7398886830294326458_n-2048x779.png 2048w\" sizes=\"auto, (max-width: 1024px) 100vw, 1024px\" \/><\/figure>\n\n\n\n<p>O evento contou com a participa\u00e7\u00e3o dos alunos, professores, coordenadoras, diretoras, participa\u00e7\u00e3o de pais e demais membros da comunidade.<\/p>\n\n\n\n<p>O evento contou com as apresenta\u00e7\u00f5es dos alunos (as) das Escolas: Orlando de Carvalho e CMEI Anjo da Guarda. E tamb\u00e9m com cantos do hino Nacional e da Independ\u00eancia. <\/p>\n\n\n\n<blockquote class=\"wp-block-quote is-layout-flow wp-block-quote-is-layout-flow\">\n<p>A Secretaria Municipal da Educa\u00e7\u00e3o convida a todos para assistir as apresenta\u00e7\u00f5es, que ocorrer\u00e3o todos os dias durante essa semana, \u00e0s 9h00 e \u00e0s 15h00 na Pra\u00e7a dos Expedicion\u00e1rios.<\/p>\n<\/blockquote>\n\n\n\n<figure class=\"wp-block-image size-large\"><img loading=\"lazy\" decoding=\"async\" width=\"1024\" height=\"473\" src=\"https:\/\/radiostudiow.com.br\/site\/wp-content\/uploads\/2024\/09\/03-1024x473.jpg\" alt=\"\" class=\"wp-image-26896\" srcset=\"https:\/\/radiostudiow.com.br\/site\/wp-content\/uploads\/2024\/09\/03-1024x473.jpg 1024w, https:\/\/radiostudiow.com.br\/site\/wp-content\/uploads\/2024\/09\/03-300x138.jpg 300w, https:\/\/radiostudiow.com.br\/site\/wp-content\/uploads\/2024\/09\/03-768x354.jpg 768w, https:\/\/radiostudiow.com.br\/site\/wp-content\/uploads\/2024\/09\/03-1536x709.jpg 1536w, https:\/\/radiostudiow.com.br\/site\/wp-content\/uploads\/2024\/09\/03.jpg 2048w\" sizes=\"auto, (max-width: 1024px) 100vw, 1024px\" \/><\/figure>\n\n\n\n<figure class=\"wp-block-image size-large\"><img loading=\"lazy\" decoding=\"async\" width=\"1024\" height=\"473\" src=\"https:\/\/radiostudiow.com.br\/site\/wp-content\/uploads\/2024\/09\/02-1-1024x473.jpg\" alt=\"\" class=\"wp-image-26898\" srcset=\"https:\/\/radiostudiow.com.br\/site\/wp-content\/uploads\/2024\/09\/02-1-1024x473.jpg 1024w, https:\/\/radiostudiow.com.br\/site\/wp-content\/uploads\/2024\/09\/02-1-300x138.jpg 300w, https:\/\/radiostudiow.com.br\/site\/wp-content\/uploads\/2024\/09\/02-1-768x354.jpg 768w, https:\/\/radiostudiow.com.br\/site\/wp-content\/uploads\/2024\/09\/02-1-1536x709.jpg 1536w, https:\/\/radiostudiow.com.br\/site\/wp-content\/uploads\/2024\/09\/02-1.jpg 2048w\" sizes=\"auto, (max-width: 1024px) 100vw, 1024px\" \/><\/figure>\n\n\n\n<figure class=\"wp-block-image size-large\"><img decoding=\"async\" src=\"https:\/\/radiostudiow.com.br\/site\/wp-content\/uploads\/2024\/09\/04-1024x473.jpg\" alt=\"\" class=\"wp-image-26897\"\/><\/figure>\n","protected":false},"excerpt":{"rendered":"<p>Na manh\u00e3 de hoje, segunda-ferira (02), a Secretaria Municipal da Educa\u00e7\u00e3o iniciou as comemora\u00e7\u00f5es da Semana da P\u00e1tria, foi realizado o hasteamento da Bandeira \u00e0s 09 horas e o arriamento ocorreu \u00e1s 15 horas na Pra\u00e7a dos Expedicion\u00e1rios. O evento contou com a participa\u00e7\u00e3o dos alunos, professores, coordenadoras, diretoras, participa\u00e7\u00e3o de pais e demais membros [&hellip;]<\/p>\n","protected":false},"author":2,"featured_media":26899,"comment_status":"open","ping_status":"open","sticky":false,"template":"","format":"standard","meta":{"footnotes":""},"categories":[184],"tags":[172],"class_list":["post-26893","post","type-post","status-publish","format-standard","has-post-thumbnail","hentry","category-local","tag-featured"],"amp_enabled":true,"_links":{"self":[{"href":"https:\/\/radiostudiow.com.br\/site\/wp-json\/wp\/v2\/posts\/26893","targetHints":{"allow":["GET"]}}],"collection":[{"href":"https:\/\/radiostudiow.com.br\/site\/wp-json\/wp\/v2\/posts"}],"about":[{"href":"https:\/\/radiostudiow.com.br\/site\/wp-json\/wp\/v2\/types\/post"}],"author":[{"embeddable":true,"href":"https:\/\/radiostudiow.com.br\/site\/wp-json\/wp\/v2\/users\/2"}],"replies":[{"embeddable":true,"href":"https:\/\/radiostudiow.com.br\/site\/wp-json\/wp\/v2\/comments?post=26893"}],"version-history":[{"count":1,"href":"https:\/\/radiostudiow.com.br\/site\/wp-json\/wp\/v2\/posts\/26893\/revisions"}],"predecessor-version":[{"id":26900,"href":"https:\/\/radiostudiow.com.br\/site\/wp-json\/wp\/v2\/posts\/26893\/revisions\/26900"}],"wp:featuredmedia":[{"embeddable":true,"href":"https:\/\/radiostudiow.com.br\/site\/wp-json\/wp\/v2\/media\/26899"}],"wp:attachment":[{"href":"https:\/\/radiostudiow.com.br\/site\/wp-json\/wp\/v2\/media?parent=26893"}],"wp:term":[{"taxonomy":"category","embeddable":true,"href":"https:\/\/radiostudiow.com.br\/site\/wp-json\/wp\/v2\/categories?post=26893"},{"taxonomy":"post_tag","embeddable":true,"href":"https:\/\/radiostudiow.com.br\/site\/wp-json\/wp\/v2\/tags?post=26893"}],"curies":[{"name":"wp","href":"https:\/\/api.w.org\/{rel}","templated":true}]}}