{"id":26905,"date":"2024-09-03T09:30:57","date_gmt":"2024-09-03T12:30:57","guid":{"rendered":"https:\/\/radiostudiow.com.br\/site\/?p=26905"},"modified":"2025-01-31T14:58:30","modified_gmt":"2025-01-31T17:58:30","slug":"homem-e-apreendido-por-violencia-domestica-em-paulo-frontin","status":"publish","type":"post","link":"https:\/\/radiostudiow.com.br\/site\/2024\/09\/03\/homem-e-apreendido-por-violencia-domestica-em-paulo-frontin\/","title":{"rendered":"Homem \u00e9 apreendido por viol\u00eancia dom\u00e9stica em Paulo Frontin"},"content":{"rendered":"\n<p>Uma senhora compareceu ao Pelot\u00e3o da Pol\u00edcia Militar de Paulo Frontin para relatar uma situa\u00e7\u00e3o de viol\u00eancia dom\u00e9stica e fam\u00edlia por volta das 22 horas desse domingo (01\u00b0 de setembro).<\/p>\n\n\n\n<figure class=\"wp-block-image size-large\"><img decoding=\"async\" src=\"https:\/\/radiostudiow.com.br\/site\/wp-content\/uploads\/2024\/04\/PP-thumb-banner-miniatura1920x1080-1024x576.jpg\" alt=\"\" class=\"wp-image-22019\"\/><\/figure>\n\n\n\n<p>A solicitante informou que vem sendo agredida pelo seu convivente e as agress\u00f5es vem acontecendo a mais de um ano e nesse momento ela resolveu registrar o presente boletim.<\/p>\n\n\n\n<p>A v\u00edtima relatou que na manh\u00e3 desse domingo (01\u00b0) o autor desferiu socos tapas e xingamentos de baixo cal\u00e3o. Recebeu amea\u00e7as com palavras, o autor falou \u201cvou matar voc\u00ea\u201d, momento que pegou uma faca e jogou contra a solicitante, o objeto n\u00e3o acertou.<\/p>\n\n\n\n<p>O autor seguiu com as amea\u00e7as que se ela chamasse a pol\u00edcia ele iria mat\u00e1-la depois de sair da cadeia.<\/p>\n\n\n\n<figure class=\"wp-block-image size-full\"><img loading=\"lazy\" decoding=\"async\" width=\"897\" height=\"204\" src=\"https:\/\/radiostudiow.com.br\/site\/wp-content\/uploads\/2024\/08\/TIJOLAO.png\" alt=\"\" class=\"wp-image-25951\" srcset=\"https:\/\/radiostudiow.com.br\/site\/wp-content\/uploads\/2024\/08\/TIJOLAO.png 897w, https:\/\/radiostudiow.com.br\/site\/wp-content\/uploads\/2024\/08\/TIJOLAO-300x68.png 300w, https:\/\/radiostudiow.com.br\/site\/wp-content\/uploads\/2024\/08\/TIJOLAO-768x175.png 768w\" sizes=\"auto, (max-width: 897px) 100vw, 897px\" \/><\/figure>\n\n\n\n<p>A equipe policial acompanhou a v\u00edtima at\u00e9 a resid\u00eancia afim de tentar localizar autor, no local foi localizado um homem que ela informou ser o autor das agress\u00f5es, foi ent\u00e3o dado voz de abordagem e com o mesmo nada de il\u00edcito encontrado.<\/p>\n\n\n\n<p>Diante dos fatos narrados foi encaminhado autor e v\u00edtima at\u00e9 a 4\u00b0 SDP para as provid\u00eancias cab\u00edveis.<\/p>\n","protected":false},"excerpt":{"rendered":"<p>Uma senhora compareceu ao Pelot\u00e3o da Pol\u00edcia Militar de Paulo Frontin para relatar uma situa\u00e7\u00e3o de viol\u00eancia dom\u00e9stica e fam\u00edlia por volta das 22 horas desse domingo (01\u00b0 de setembro). A solicitante informou que vem sendo agredida pelo seu convivente e as agress\u00f5es vem acontecendo a mais de um ano e nesse momento ela resolveu [&hellip;]<\/p>\n","protected":false},"author":2,"featured_media":24732,"comment_status":"open","ping_status":"open","sticky":false,"template":"","format":"standard","meta":{"footnotes":""},"categories":[2],"tags":[172],"class_list":["post-26905","post","type-post","status-publish","format-standard","has-post-thumbnail","hentry","category-policial","tag-featured"],"amp_enabled":true,"_links":{"self":[{"href":"https:\/\/radiostudiow.com.br\/site\/wp-json\/wp\/v2\/posts\/26905","targetHints":{"allow":["GET"]}}],"collection":[{"href":"https:\/\/radiostudiow.com.br\/site\/wp-json\/wp\/v2\/posts"}],"about":[{"href":"https:\/\/radiostudiow.com.br\/site\/wp-json\/wp\/v2\/types\/post"}],"author":[{"embeddable":true,"href":"https:\/\/radiostudiow.com.br\/site\/wp-json\/wp\/v2\/users\/2"}],"replies":[{"embeddable":true,"href":"https:\/\/radiostudiow.com.br\/site\/wp-json\/wp\/v2\/comments?post=26905"}],"version-history":[{"count":2,"href":"https:\/\/radiostudiow.com.br\/site\/wp-json\/wp\/v2\/posts\/26905\/revisions"}],"predecessor-version":[{"id":26914,"href":"https:\/\/radiostudiow.com.br\/site\/wp-json\/wp\/v2\/posts\/26905\/revisions\/26914"}],"wp:featuredmedia":[{"embeddable":true,"href":"https:\/\/radiostudiow.com.br\/site\/wp-json\/wp\/v2\/media\/24732"}],"wp:attachment":[{"href":"https:\/\/radiostudiow.com.br\/site\/wp-json\/wp\/v2\/media?parent=26905"}],"wp:term":[{"taxonomy":"category","embeddable":true,"href":"https:\/\/radiostudiow.com.br\/site\/wp-json\/wp\/v2\/categories?post=26905"},{"taxonomy":"post_tag","embeddable":true,"href":"https:\/\/radiostudiow.com.br\/site\/wp-json\/wp\/v2\/tags?post=26905"}],"curies":[{"name":"wp","href":"https:\/\/api.w.org\/{rel}","templated":true}]}}