{"id":26907,"date":"2024-09-03T09:34:56","date_gmt":"2024-09-03T12:34:56","guid":{"rendered":"https:\/\/radiostudiow.com.br\/site\/?p=26907"},"modified":"2025-01-31T14:58:30","modified_gmt":"2025-01-31T17:58:30","slug":"homem-aciona-policia-apos-receber-ameacas-e-ter-para-brisa-do-seu-veiculo-quebrada-em-rio-claro-do-sul","status":"publish","type":"post","link":"https:\/\/radiostudiow.com.br\/site\/2024\/09\/03\/homem-aciona-policia-apos-receber-ameacas-e-ter-para-brisa-do-seu-veiculo-quebrada-em-rio-claro-do-sul\/","title":{"rendered":"Morador de Rio Claro do Sul aciona pol\u00edcia ap\u00f3s receber amea\u00e7as. Autores ainda quebraram o para-brisa do seu ve\u00edculo"},"content":{"rendered":"\n<figure class=\"wp-block-image size-full\"><img decoding=\"async\" src=\"https:\/\/radiostudiow.com.br\/site\/wp-content\/uploads\/2024\/04\/SITE-MEDIO.png\" alt=\"\" class=\"wp-image-21854\"\/><\/figure>\n\n\n\n<p>A equipe da Pol\u00edcia Militar de Mallet se deslocou at\u00e9 a localidade de Rio Claro do Sul para verificar uma ocorr\u00eancia de amea\u00e7a. O caso foi registrado por volta das 19:30 horas desse s\u00e1bado (31).<\/p>\n\n\n\n<p>Os policiais entraram em contato com solicitante, o qual passou a relatar que seu ex-cunhado juntamente com outro indiv\u00edduo passaram a discutir e um momento os dois vieram a desferir amea\u00e7as e quebraram o para-brisa do seu ve\u00edculo.<\/p>\n\n\n\n<figure class=\"wp-block-image size-full\"><img loading=\"lazy\" decoding=\"async\" width=\"897\" height=\"204\" src=\"https:\/\/radiostudiow.com.br\/site\/wp-content\/uploads\/2024\/04\/image-51.png\" alt=\"\" class=\"wp-image-21370\" srcset=\"https:\/\/radiostudiow.com.br\/site\/wp-content\/uploads\/2024\/04\/image-51.png 897w, https:\/\/radiostudiow.com.br\/site\/wp-content\/uploads\/2024\/04\/image-51-300x68.png 300w, https:\/\/radiostudiow.com.br\/site\/wp-content\/uploads\/2024\/04\/image-51-768x175.png 768w\" sizes=\"auto, (max-width: 897px) 100vw, 897px\" \/><\/figure>\n\n\n\n<p>A equipe policial realizou patrulhamento, por\u00e9m, n\u00e3o localizou os poss\u00edveis autores dos fatos. A v\u00edtima foi orientada quanto aos procedimentos cab\u00edveis assim como a representa\u00e7\u00e3o junto a Pol\u00edcia Civil.<\/p>\n","protected":false},"excerpt":{"rendered":"<p>A equipe da Pol\u00edcia Militar de Mallet se deslocou at\u00e9 a localidade de Rio Claro do Sul para verificar uma ocorr\u00eancia de amea\u00e7a. O caso foi registrado por volta das 19:30 horas desse s\u00e1bado (31). Os policiais entraram em contato com solicitante, o qual passou a relatar que seu ex-cunhado juntamente com outro indiv\u00edduo passaram [&hellip;]<\/p>\n","protected":false},"author":2,"featured_media":26536,"comment_status":"open","ping_status":"open","sticky":false,"template":"","format":"standard","meta":{"footnotes":""},"categories":[2],"tags":[172],"class_list":["post-26907","post","type-post","status-publish","format-standard","has-post-thumbnail","hentry","category-policial","tag-featured"],"amp_enabled":true,"_links":{"self":[{"href":"https:\/\/radiostudiow.com.br\/site\/wp-json\/wp\/v2\/posts\/26907","targetHints":{"allow":["GET"]}}],"collection":[{"href":"https:\/\/radiostudiow.com.br\/site\/wp-json\/wp\/v2\/posts"}],"about":[{"href":"https:\/\/radiostudiow.com.br\/site\/wp-json\/wp\/v2\/types\/post"}],"author":[{"embeddable":true,"href":"https:\/\/radiostudiow.com.br\/site\/wp-json\/wp\/v2\/users\/2"}],"replies":[{"embeddable":true,"href":"https:\/\/radiostudiow.com.br\/site\/wp-json\/wp\/v2\/comments?post=26907"}],"version-history":[{"count":2,"href":"https:\/\/radiostudiow.com.br\/site\/wp-json\/wp\/v2\/posts\/26907\/revisions"}],"predecessor-version":[{"id":26917,"href":"https:\/\/radiostudiow.com.br\/site\/wp-json\/wp\/v2\/posts\/26907\/revisions\/26917"}],"wp:featuredmedia":[{"embeddable":true,"href":"https:\/\/radiostudiow.com.br\/site\/wp-json\/wp\/v2\/media\/26536"}],"wp:attachment":[{"href":"https:\/\/radiostudiow.com.br\/site\/wp-json\/wp\/v2\/media?parent=26907"}],"wp:term":[{"taxonomy":"category","embeddable":true,"href":"https:\/\/radiostudiow.com.br\/site\/wp-json\/wp\/v2\/categories?post=26907"},{"taxonomy":"post_tag","embeddable":true,"href":"https:\/\/radiostudiow.com.br\/site\/wp-json\/wp\/v2\/tags?post=26907"}],"curies":[{"name":"wp","href":"https:\/\/api.w.org\/{rel}","templated":true}]}}