{"id":26909,"date":"2024-09-03T09:45:34","date_gmt":"2024-09-03T12:45:34","guid":{"rendered":"https:\/\/radiostudiow.com.br\/site\/?p=26909"},"modified":"2025-01-31T14:58:30","modified_gmt":"2025-01-31T17:58:30","slug":"homem-procura-policia-apos-ser-agredido-em-mallet","status":"publish","type":"post","link":"https:\/\/radiostudiow.com.br\/site\/2024\/09\/03\/homem-procura-policia-apos-ser-agredido-em-mallet\/","title":{"rendered":"Homem procura pol\u00edcia ap\u00f3s ser agredido em Mallet"},"content":{"rendered":"\n<figure class=\"wp-block-image size-full\"><img decoding=\"async\" src=\"https:\/\/radiostudiow.com.br\/site\/wp-content\/uploads\/2024\/01\/SITE-GRANDE.png\" alt=\"\" class=\"wp-image-18949\"\/><\/figure>\n\n\n\n<p>Um senhor, o qual \u00e9 morador de Rio Claro do Sul, compareceu ao Pelot\u00e3o da Policial Militar de Mallet relatando um caso de les\u00e3o corporal por volta das 21 horas desse s\u00e1bado (31).<\/p>\n\n\n\n<p>O solicitante estava com uma les\u00e3o no bra\u00e7o direito, relatando que foi v\u00edtima de agress\u00e3o f\u00edsica. Ele afirmou que houve um desentendimento e que autor juntamente com outros dois homens n\u00e3o identificados vieram a agredir.<\/p>\n\n\n\n<figure class=\"wp-block-image size-full\"><img loading=\"lazy\" decoding=\"async\" width=\"598\" height=\"204\" src=\"https:\/\/radiostudiow.com.br\/site\/wp-content\/uploads\/2024\/04\/image-12.png\" alt=\"\" class=\"wp-image-21187\" srcset=\"https:\/\/radiostudiow.com.br\/site\/wp-content\/uploads\/2024\/04\/image-12.png 598w, https:\/\/radiostudiow.com.br\/site\/wp-content\/uploads\/2024\/04\/image-12-300x102.png 300w\" sizes=\"auto, (max-width: 598px) 100vw, 598px\" \/><\/figure>\n\n\n\n<p>A equipe se deslocou at\u00e9 o endere\u00e7o citado pela v\u00edtima, realizou patrulhamento por toda a localidade, por\u00e9m, n\u00e3o obteve \u00eaxito em localizar os envolvidos.<\/p>\n\n\n\n<p>A v\u00edtima foi orientada a se deslocar at\u00e9 o hospital para atendimento m\u00e9dico e quanto aos procedimentos cab\u00edveis.<\/p>\n","protected":false},"excerpt":{"rendered":"<p>Um senhor, o qual \u00e9 morador de Rio Claro do Sul, compareceu ao Pelot\u00e3o da Policial Militar de Mallet relatando um caso de les\u00e3o corporal por volta das 21 horas desse s\u00e1bado (31). O solicitante estava com uma les\u00e3o no bra\u00e7o direito, relatando que foi v\u00edtima de agress\u00e3o f\u00edsica. Ele afirmou que houve um desentendimento [&hellip;]<\/p>\n","protected":false},"author":2,"featured_media":24144,"comment_status":"open","ping_status":"open","sticky":false,"template":"","format":"standard","meta":{"footnotes":""},"categories":[2],"tags":[172],"class_list":["post-26909","post","type-post","status-publish","format-standard","has-post-thumbnail","hentry","category-policial","tag-featured"],"amp_enabled":true,"_links":{"self":[{"href":"https:\/\/radiostudiow.com.br\/site\/wp-json\/wp\/v2\/posts\/26909","targetHints":{"allow":["GET"]}}],"collection":[{"href":"https:\/\/radiostudiow.com.br\/site\/wp-json\/wp\/v2\/posts"}],"about":[{"href":"https:\/\/radiostudiow.com.br\/site\/wp-json\/wp\/v2\/types\/post"}],"author":[{"embeddable":true,"href":"https:\/\/radiostudiow.com.br\/site\/wp-json\/wp\/v2\/users\/2"}],"replies":[{"embeddable":true,"href":"https:\/\/radiostudiow.com.br\/site\/wp-json\/wp\/v2\/comments?post=26909"}],"version-history":[{"count":1,"href":"https:\/\/radiostudiow.com.br\/site\/wp-json\/wp\/v2\/posts\/26909\/revisions"}],"predecessor-version":[{"id":26912,"href":"https:\/\/radiostudiow.com.br\/site\/wp-json\/wp\/v2\/posts\/26909\/revisions\/26912"}],"wp:featuredmedia":[{"embeddable":true,"href":"https:\/\/radiostudiow.com.br\/site\/wp-json\/wp\/v2\/media\/24144"}],"wp:attachment":[{"href":"https:\/\/radiostudiow.com.br\/site\/wp-json\/wp\/v2\/media?parent=26909"}],"wp:term":[{"taxonomy":"category","embeddable":true,"href":"https:\/\/radiostudiow.com.br\/site\/wp-json\/wp\/v2\/categories?post=26909"},{"taxonomy":"post_tag","embeddable":true,"href":"https:\/\/radiostudiow.com.br\/site\/wp-json\/wp\/v2\/tags?post=26909"}],"curies":[{"name":"wp","href":"https:\/\/api.w.org\/{rel}","templated":true}]}}