{"id":26919,"date":"2024-09-03T11:54:29","date_gmt":"2024-09-03T14:54:29","guid":{"rendered":"https:\/\/radiostudiow.com.br\/site\/?p=26919"},"modified":"2025-01-31T14:58:30","modified_gmt":"2025-01-31T17:58:30","slug":"homem-morre-carbonizado-no-interior-de-antonio-olinto","status":"publish","type":"post","link":"https:\/\/radiostudiow.com.br\/site\/2024\/09\/03\/homem-morre-carbonizado-no-interior-de-antonio-olinto\/","title":{"rendered":"Homem morre carbonizado no interior de Ant\u00f4nio Olinto"},"content":{"rendered":"\n<p>Um senhor compareceu ao destacamento Pol\u00edcia Militar de Ant\u00f4nio Olinto por volta das 18:40 horas dessa segunda-feira, 02 de setembro, o qual relatou que um homem, possivelmente estaria em \u00f3bito, carbonizado, na localidade de Santos Andrade. A v\u00edtima, foi identificada como\u00a0<strong>Neri Vandoski, de 45 anos<\/strong>.<\/p>\n\n\n\n<figure class=\"wp-block-image size-full\"><img decoding=\"async\" src=\"https:\/\/radiostudiow.com.br\/site\/wp-content\/uploads\/2024\/04\/SITE-MEDIO.png\" alt=\"\" class=\"wp-image-21854\"\/><\/figure>\n\n\n\n<p>Os policiais se deslocaram at\u00e9 o local e os vizinhos relataram terem avistado sinais de fuma\u00e7a vindos da resid\u00eancia da v\u00edtima, por volta das 17 horas e que ao direcionarem-se at\u00e9 o local, j\u00e1 se depararam com o corpo do homem carbonizado e que logo em seguida, acionaram a Pol\u00edcia Militar.<\/p>\n\n\n\n<p>Diante da constata\u00e7\u00e3o do \u00f3bito, a guarni\u00e7\u00e3o imediatamente contatou a Pol\u00edcia Civil criminal\u00edstica para os procedimentos pertinentes. O corpo foi encaminhado ao Instituto M\u00e9dico Legal de Uni\u00e3o da Vit\u00f3ria.<\/p>\n","protected":false},"excerpt":{"rendered":"<p>Um senhor compareceu ao destacamento Pol\u00edcia Militar de Ant\u00f4nio Olinto por volta das 18:40 horas dessa segunda-feira, 02 de setembro, o qual relatou que um homem, possivelmente estaria em \u00f3bito, carbonizado, na localidade de Santos Andrade. A v\u00edtima, foi identificada como\u00a0Neri Vandoski, de 45 anos. Os policiais se deslocaram at\u00e9 o local e os vizinhos [&hellip;]<\/p>\n","protected":false},"author":2,"featured_media":26920,"comment_status":"open","ping_status":"open","sticky":false,"template":"","format":"standard","meta":{"footnotes":""},"categories":[185],"tags":[172],"class_list":["post-26919","post","type-post","status-publish","format-standard","has-post-thumbnail","hentry","category-regional","tag-featured"],"amp_enabled":true,"_links":{"self":[{"href":"https:\/\/radiostudiow.com.br\/site\/wp-json\/wp\/v2\/posts\/26919","targetHints":{"allow":["GET"]}}],"collection":[{"href":"https:\/\/radiostudiow.com.br\/site\/wp-json\/wp\/v2\/posts"}],"about":[{"href":"https:\/\/radiostudiow.com.br\/site\/wp-json\/wp\/v2\/types\/post"}],"author":[{"embeddable":true,"href":"https:\/\/radiostudiow.com.br\/site\/wp-json\/wp\/v2\/users\/2"}],"replies":[{"embeddable":true,"href":"https:\/\/radiostudiow.com.br\/site\/wp-json\/wp\/v2\/comments?post=26919"}],"version-history":[{"count":1,"href":"https:\/\/radiostudiow.com.br\/site\/wp-json\/wp\/v2\/posts\/26919\/revisions"}],"predecessor-version":[{"id":26921,"href":"https:\/\/radiostudiow.com.br\/site\/wp-json\/wp\/v2\/posts\/26919\/revisions\/26921"}],"wp:featuredmedia":[{"embeddable":true,"href":"https:\/\/radiostudiow.com.br\/site\/wp-json\/wp\/v2\/media\/26920"}],"wp:attachment":[{"href":"https:\/\/radiostudiow.com.br\/site\/wp-json\/wp\/v2\/media?parent=26919"}],"wp:term":[{"taxonomy":"category","embeddable":true,"href":"https:\/\/radiostudiow.com.br\/site\/wp-json\/wp\/v2\/categories?post=26919"},{"taxonomy":"post_tag","embeddable":true,"href":"https:\/\/radiostudiow.com.br\/site\/wp-json\/wp\/v2\/tags?post=26919"}],"curies":[{"name":"wp","href":"https:\/\/api.w.org\/{rel}","templated":true}]}}