{"id":26927,"date":"2024-09-04T09:32:51","date_gmt":"2024-09-04T12:32:51","guid":{"rendered":"https:\/\/radiostudiow.com.br\/site\/?p=26927"},"modified":"2025-01-31T14:58:30","modified_gmt":"2025-01-31T17:58:30","slug":"secretaria-da-saude-confirma-mais-319-casos-de-dengue-no-parana","status":"publish","type":"post","link":"https:\/\/radiostudiow.com.br\/site\/2024\/09\/04\/secretaria-da-saude-confirma-mais-319-casos-de-dengue-no-parana\/","title":{"rendered":"Secretaria da Sa\u00fade confirma mais 319 casos de dengue no Paran\u00e1"},"content":{"rendered":"\n<p>A Coordenadoria Estadual de Vigil\u00e2ncia Ambiental, \u00f3rg\u00e3o da Secretaria de Estado da Sa\u00fade (Sesa), publicou nesta ter\u00e7a-feira (3) o novo informe semanal da dengue.<\/p>\n\n\n\n<p>Foram registrados mais 319 casos da doen\u00e7a sem nenhum \u00f3bito na \u00faltima semana. Somados os dados do novo per\u00edodo epidemiol\u00f3gico, iniciado em 28 de julho de 2024, o Paran\u00e1 contabiliza 8.032 notifica\u00e7\u00f5es e 1.111 casos confirmados sem nenhuma morte em decorr\u00eancia da dengue.<\/p>\n\n\n\n<figure class=\"wp-block-image size-full\"><img loading=\"lazy\" decoding=\"async\" width=\"897\" height=\"204\" src=\"https:\/\/radiostudiow.com.br\/site\/wp-content\/uploads\/2024\/04\/image-7.png\" alt=\"\" class=\"wp-image-21177\" srcset=\"https:\/\/radiostudiow.com.br\/site\/wp-content\/uploads\/2024\/04\/image-7.png 897w, https:\/\/radiostudiow.com.br\/site\/wp-content\/uploads\/2024\/04\/image-7-300x68.png 300w, https:\/\/radiostudiow.com.br\/site\/wp-content\/uploads\/2024\/04\/image-7-768x175.png 768w\" sizes=\"auto, (max-width: 897px) 100vw, 897px\" \/><\/figure>\n\n\n\n<p>Ao todo, 293 munic\u00edpios j\u00e1 registraram notifica\u00e7\u00f5es da doen\u00e7a, que \u00e9 transmitida pelo mosquito Aedes aegypti, e 156 possuem casos confirmados.<\/p>\n\n\n\n<p><strong>OUTRAS ARBOVIROSES&nbsp;\u2013&nbsp;<\/strong>Chikungunya e zika tamb\u00e9m s\u00e3o transmitidas pelo mosquito Aedes aegypti e as informa\u00e7\u00f5es sobre essas doen\u00e7as constam no mesmo documento.<\/p>\n\n\n\n<p>Neste per\u00edodo n\u00e3o foram confirmados casos de chikungunya, sendo registradas apenas 51 notifica\u00e7\u00f5es da doen\u00e7a no Estado. N\u00e3o h\u00e1 notifica\u00e7\u00f5es de zika v\u00edrus at\u00e9 o momento neste novo per\u00edodo epidemiol\u00f3gico.<\/p>\n\n\n\n<p>Confira o Boletim Semanal completo\u00a0<strong><a href=\"https:\/\/www.dengue.pr.gov.br\/Pagina\/Boletins-da-Dengue\" target=\"_blank\" rel=\"noreferrer noopener\">AQUI<\/a><\/strong>.\u00a0Mais informa\u00e7\u00f5es sobre a dengue est\u00e3o neste\u00a0<strong><a href=\"https:\/\/www.dengue.pr.gov.br\/\" target=\"_blank\" rel=\"noreferrer noopener\">LINK<\/a><\/strong>.\u00a0<\/p>\n\n\n\n<figure class=\"wp-block-image size-large\"><img decoding=\"async\" src=\"https:\/\/radiostudiow.com.br\/site\/wp-content\/uploads\/2024\/05\/LABIRATI-1024x1024.png\" alt=\"\" class=\"wp-image-22265\"\/><\/figure>\n","protected":false},"excerpt":{"rendered":"<p>A Coordenadoria Estadual de Vigil\u00e2ncia Ambiental, \u00f3rg\u00e3o da Secretaria de Estado da Sa\u00fade (Sesa), publicou nesta ter\u00e7a-feira (3) o novo informe semanal da dengue. Foram registrados mais 319 casos da doen\u00e7a sem nenhum \u00f3bito na \u00faltima semana. Somados os dados do novo per\u00edodo epidemiol\u00f3gico, iniciado em 28 de julho de 2024, o Paran\u00e1 contabiliza 8.032 [&hellip;]<\/p>\n","protected":false},"author":2,"featured_media":23432,"comment_status":"open","ping_status":"open","sticky":false,"template":"","format":"standard","meta":{"footnotes":""},"categories":[182],"tags":[172],"class_list":["post-26927","post","type-post","status-publish","format-standard","has-post-thumbnail","hentry","category-saude","tag-featured"],"amp_enabled":true,"_links":{"self":[{"href":"https:\/\/radiostudiow.com.br\/site\/wp-json\/wp\/v2\/posts\/26927","targetHints":{"allow":["GET"]}}],"collection":[{"href":"https:\/\/radiostudiow.com.br\/site\/wp-json\/wp\/v2\/posts"}],"about":[{"href":"https:\/\/radiostudiow.com.br\/site\/wp-json\/wp\/v2\/types\/post"}],"author":[{"embeddable":true,"href":"https:\/\/radiostudiow.com.br\/site\/wp-json\/wp\/v2\/users\/2"}],"replies":[{"embeddable":true,"href":"https:\/\/radiostudiow.com.br\/site\/wp-json\/wp\/v2\/comments?post=26927"}],"version-history":[{"count":4,"href":"https:\/\/radiostudiow.com.br\/site\/wp-json\/wp\/v2\/posts\/26927\/revisions"}],"predecessor-version":[{"id":26977,"href":"https:\/\/radiostudiow.com.br\/site\/wp-json\/wp\/v2\/posts\/26927\/revisions\/26977"}],"wp:featuredmedia":[{"embeddable":true,"href":"https:\/\/radiostudiow.com.br\/site\/wp-json\/wp\/v2\/media\/23432"}],"wp:attachment":[{"href":"https:\/\/radiostudiow.com.br\/site\/wp-json\/wp\/v2\/media?parent=26927"}],"wp:term":[{"taxonomy":"category","embeddable":true,"href":"https:\/\/radiostudiow.com.br\/site\/wp-json\/wp\/v2\/categories?post=26927"},{"taxonomy":"post_tag","embeddable":true,"href":"https:\/\/radiostudiow.com.br\/site\/wp-json\/wp\/v2\/tags?post=26927"}],"curies":[{"name":"wp","href":"https:\/\/api.w.org\/{rel}","templated":true}]}}