{"id":26932,"date":"2024-09-04T09:57:06","date_gmt":"2024-09-04T12:57:06","guid":{"rendered":"https:\/\/radiostudiow.com.br\/site\/?p=26932"},"modified":"2025-01-31T14:58:30","modified_gmt":"2025-01-31T17:58:30","slug":"conflito-familiar-resulta-em-atendimento-policial-em-uniao-da-vitoria","status":"publish","type":"post","link":"https:\/\/radiostudiow.com.br\/site\/2024\/09\/04\/conflito-familiar-resulta-em-atendimento-policial-em-uniao-da-vitoria\/","title":{"rendered":"Conflito familiar resulta em atendimento policial em Uni\u00e3o da Vit\u00f3ria"},"content":{"rendered":"\n<figure class=\"wp-block-image size-full\"><img loading=\"lazy\" decoding=\"async\" width=\"897\" height=\"204\" src=\"https:\/\/radiostudiow.com.br\/site\/wp-content\/uploads\/2024\/08\/TIJOLAO.png\" alt=\"\" class=\"wp-image-25951\" srcset=\"https:\/\/radiostudiow.com.br\/site\/wp-content\/uploads\/2024\/08\/TIJOLAO.png 897w, https:\/\/radiostudiow.com.br\/site\/wp-content\/uploads\/2024\/08\/TIJOLAO-300x68.png 300w, https:\/\/radiostudiow.com.br\/site\/wp-content\/uploads\/2024\/08\/TIJOLAO-768x175.png 768w\" sizes=\"auto, (max-width: 897px) 100vw, 897px\" \/><\/figure>\n\n\n\n<p> A equipe da Pol\u00edcia Militar de Uni\u00e3o da Vit\u00f3ria foi acionada para uma ocorr\u00eancia de viol\u00eancia dom\u00e9stica na regi\u00e3o de S\u00e3o Crist\u00f3v\u00e3o por volta das 15:40 horas dessa segunda-feira (02).<\/p>\n\n\n\n<p>A v\u00edtima relatou que estava em conflito com seu convivente, que a agrediu com v\u00e1rios socos na face e no t\u00f3rax, causando marcas e escoria\u00e7\u00f5es. Al\u00e9m das agress\u00f5es f\u00edsicas, o autor continuou a amea\u00e7ar a v\u00edtima verbalmente, pressionando-a psicologicamente e amea\u00e7ando sua vida para que n\u00e3o denunciasse o ocorrido \u00e0 pol\u00edcia.<\/p>\n\n\n\n<figure class=\"wp-block-image size-full\"><img loading=\"lazy\" decoding=\"async\" width=\"900\" height=\"408\" src=\"https:\/\/radiostudiow.com.br\/site\/wp-content\/uploads\/2024\/08\/image-64.png\" alt=\"\" class=\"wp-image-26531\" srcset=\"https:\/\/radiostudiow.com.br\/site\/wp-content\/uploads\/2024\/08\/image-64.png 900w, https:\/\/radiostudiow.com.br\/site\/wp-content\/uploads\/2024\/08\/image-64-300x136.png 300w, https:\/\/radiostudiow.com.br\/site\/wp-content\/uploads\/2024\/08\/image-64-768x348.png 768w\" sizes=\"auto, (max-width: 900px) 100vw, 900px\" \/><\/figure>\n\n\n\n<p>Neste dia, a v\u00edtima n\u00e3o suportando mais a situa\u00e7\u00e3o, solicitou ajuda de seu pai e decidiu ligar para a Pol\u00edcia Militar. Quando a guarni\u00e7\u00e3o chegou, o autor, que estava dentro da resid\u00eancia, abordou os policiais e afirmou que tanto ele quanto a v\u00edtima estavam envolvidos em uma briga f\u00edsica h\u00e1 algum tempo, apresentando tamb\u00e9m les\u00f5es na face e no t\u00f3rax.<\/p>\n\n\n\n<p>Ambas as partes foram encaminhadas \u00e0 Unidade de Pronto Atendimento para os devidos cuidados m\u00e9dicos e, posteriormente, foram levadas \u00e0 4\u00aa Subdivis\u00e3o Policial para que as medidas legais cab\u00edveis fossem tomadas.<\/p>\n","protected":false},"excerpt":{"rendered":"<p>A equipe da Pol\u00edcia Militar de Uni\u00e3o da Vit\u00f3ria foi acionada para uma ocorr\u00eancia de viol\u00eancia dom\u00e9stica na regi\u00e3o de S\u00e3o Crist\u00f3v\u00e3o por volta das 15:40 horas dessa segunda-feira (02). A v\u00edtima relatou que estava em conflito com seu convivente, que a agrediu com v\u00e1rios socos na face e no t\u00f3rax, causando marcas e escoria\u00e7\u00f5es. [&hellip;]<\/p>\n","protected":false},"author":2,"featured_media":20848,"comment_status":"open","ping_status":"open","sticky":false,"template":"","format":"standard","meta":{"footnotes":""},"categories":[2],"tags":[172],"class_list":["post-26932","post","type-post","status-publish","format-standard","has-post-thumbnail","hentry","category-policial","tag-featured"],"amp_enabled":true,"_links":{"self":[{"href":"https:\/\/radiostudiow.com.br\/site\/wp-json\/wp\/v2\/posts\/26932","targetHints":{"allow":["GET"]}}],"collection":[{"href":"https:\/\/radiostudiow.com.br\/site\/wp-json\/wp\/v2\/posts"}],"about":[{"href":"https:\/\/radiostudiow.com.br\/site\/wp-json\/wp\/v2\/types\/post"}],"author":[{"embeddable":true,"href":"https:\/\/radiostudiow.com.br\/site\/wp-json\/wp\/v2\/users\/2"}],"replies":[{"embeddable":true,"href":"https:\/\/radiostudiow.com.br\/site\/wp-json\/wp\/v2\/comments?post=26932"}],"version-history":[{"count":2,"href":"https:\/\/radiostudiow.com.br\/site\/wp-json\/wp\/v2\/posts\/26932\/revisions"}],"predecessor-version":[{"id":26963,"href":"https:\/\/radiostudiow.com.br\/site\/wp-json\/wp\/v2\/posts\/26932\/revisions\/26963"}],"wp:featuredmedia":[{"embeddable":true,"href":"https:\/\/radiostudiow.com.br\/site\/wp-json\/wp\/v2\/media\/20848"}],"wp:attachment":[{"href":"https:\/\/radiostudiow.com.br\/site\/wp-json\/wp\/v2\/media?parent=26932"}],"wp:term":[{"taxonomy":"category","embeddable":true,"href":"https:\/\/radiostudiow.com.br\/site\/wp-json\/wp\/v2\/categories?post=26932"},{"taxonomy":"post_tag","embeddable":true,"href":"https:\/\/radiostudiow.com.br\/site\/wp-json\/wp\/v2\/tags?post=26932"}],"curies":[{"name":"wp","href":"https:\/\/api.w.org\/{rel}","templated":true}]}}