{"id":26934,"date":"2024-09-03T18:20:33","date_gmt":"2024-09-03T21:20:33","guid":{"rendered":"https:\/\/radiostudiow.com.br\/site\/?p=26934"},"modified":"2025-01-31T14:58:30","modified_gmt":"2025-01-31T17:58:30","slug":"acidente-entre-caminhao-e-carro-na-br-153-em-uniao-da-vitoria","status":"publish","type":"post","link":"https:\/\/radiostudiow.com.br\/site\/2024\/09\/03\/acidente-entre-caminhao-e-carro-na-br-153-em-uniao-da-vitoria\/","title":{"rendered":"Acidente entre caminh\u00e3o e carro na BR-153 em Uni\u00e3o da Vit\u00f3ria"},"content":{"rendered":"\n<p>Um acidente de tr\u00e2nsito na BR-153, tipo colis\u00e3o seguida de sa\u00edda de pista, mobilizou equipes do Corpo de Bombeiros de Uni\u00e3o da Vit\u00f3ria por volta das 08:30 horas de hoje ter\u00e7a-feira (03).<\/p>\n\n\n\n<figure class=\"wp-block-image size-full\"><img loading=\"lazy\" decoding=\"async\" width=\"900\" height=\"408\" src=\"https:\/\/radiostudiow.com.br\/site\/wp-content\/uploads\/2024\/08\/image-64.png\" alt=\"\" class=\"wp-image-26531\" srcset=\"https:\/\/radiostudiow.com.br\/site\/wp-content\/uploads\/2024\/08\/image-64.png 900w, https:\/\/radiostudiow.com.br\/site\/wp-content\/uploads\/2024\/08\/image-64-300x136.png 300w, https:\/\/radiostudiow.com.br\/site\/wp-content\/uploads\/2024\/08\/image-64-768x348.png 768w\" sizes=\"auto, (max-width: 900px) 100vw, 900px\" \/><\/figure>\n\n\n\n<p>P um caminh\u00e3o que descia a Serra do Le\u00e3o perdeu o freio, colidindo com a traseira de um ve\u00edculo Corsa, com placas de Pato Branco.&nbsp;Com o impacto, o carro foi lan\u00e7ado para fora da pista.<\/p>\n\n\n\n<p>No interior do Corsa, estava apenas o condutor, que sofreu ferimentos leves e foi encaminhado para atendimento m\u00e9dico no Hospital Regional S\u00e3o Camilo.<\/p>\n\n\n\n<p>A Pol\u00edcia Rodovi\u00e1ria Federal tamb\u00e9m esteve presente no local para atender a ocorr\u00eancia.<\/p>\n","protected":false},"excerpt":{"rendered":"<p>Um acidente de tr\u00e2nsito na BR-153, tipo colis\u00e3o seguida de sa\u00edda de pista, mobilizou equipes do Corpo de Bombeiros de Uni\u00e3o da Vit\u00f3ria por volta das 08:30 horas de hoje ter\u00e7a-feira (03). P um caminh\u00e3o que descia a Serra do Le\u00e3o perdeu o freio, colidindo com a traseira de um ve\u00edculo Corsa, com placas de [&hellip;]<\/p>\n","protected":false},"author":2,"featured_media":26941,"comment_status":"open","ping_status":"open","sticky":false,"template":"","format":"standard","meta":{"footnotes":""},"categories":[185],"tags":[172],"class_list":["post-26934","post","type-post","status-publish","format-standard","has-post-thumbnail","hentry","category-regional","tag-featured"],"amp_enabled":true,"_links":{"self":[{"href":"https:\/\/radiostudiow.com.br\/site\/wp-json\/wp\/v2\/posts\/26934","targetHints":{"allow":["GET"]}}],"collection":[{"href":"https:\/\/radiostudiow.com.br\/site\/wp-json\/wp\/v2\/posts"}],"about":[{"href":"https:\/\/radiostudiow.com.br\/site\/wp-json\/wp\/v2\/types\/post"}],"author":[{"embeddable":true,"href":"https:\/\/radiostudiow.com.br\/site\/wp-json\/wp\/v2\/users\/2"}],"replies":[{"embeddable":true,"href":"https:\/\/radiostudiow.com.br\/site\/wp-json\/wp\/v2\/comments?post=26934"}],"version-history":[{"count":3,"href":"https:\/\/radiostudiow.com.br\/site\/wp-json\/wp\/v2\/posts\/26934\/revisions"}],"predecessor-version":[{"id":26943,"href":"https:\/\/radiostudiow.com.br\/site\/wp-json\/wp\/v2\/posts\/26934\/revisions\/26943"}],"wp:featuredmedia":[{"embeddable":true,"href":"https:\/\/radiostudiow.com.br\/site\/wp-json\/wp\/v2\/media\/26941"}],"wp:attachment":[{"href":"https:\/\/radiostudiow.com.br\/site\/wp-json\/wp\/v2\/media?parent=26934"}],"wp:term":[{"taxonomy":"category","embeddable":true,"href":"https:\/\/radiostudiow.com.br\/site\/wp-json\/wp\/v2\/categories?post=26934"},{"taxonomy":"post_tag","embeddable":true,"href":"https:\/\/radiostudiow.com.br\/site\/wp-json\/wp\/v2\/tags?post=26934"}],"curies":[{"name":"wp","href":"https:\/\/api.w.org\/{rel}","templated":true}]}}