{"id":26948,"date":"2024-09-03T21:06:44","date_gmt":"2024-09-04T00:06:44","guid":{"rendered":"https:\/\/radiostudiow.com.br\/site\/?p=26948"},"modified":"2025-01-31T14:58:30","modified_gmt":"2025-01-31T17:58:30","slug":"policia-militar-e-bombeiros-comunitarios-resgatam-cao-preso-em-galeria-pluvial-em-mallet","status":"publish","type":"post","link":"https:\/\/radiostudiow.com.br\/site\/2024\/09\/03\/policia-militar-e-bombeiros-comunitarios-resgatam-cao-preso-em-galeria-pluvial-em-mallet\/","title":{"rendered":"Pol\u00edcia Militar e Bombeiros Comunit\u00e1rios resgatam c\u00e3o preso em galeria pluvial em Mallet"},"content":{"rendered":"\n<p>Na manh\u00e3 desta segunda-feira (02), a equipe da Pol\u00edcia Militar de Mallet realizou o resgate de um c\u00e3o que estava preso em uma galeria pluvial na Rua Rui Barbosa, em frente a um despachante do Detran. O acionamento ocorreu ap\u00f3s moradores locais notarem o animal em situa\u00e7\u00e3o de risco e solicitarem a interven\u00e7\u00e3o da pol\u00edcia.<\/p>\n\n\n\n<figure class=\"wp-block-image size-full\"><img loading=\"lazy\" decoding=\"async\" width=\"897\" height=\"204\" src=\"https:\/\/radiostudiow.com.br\/site\/wp-content\/uploads\/2024\/04\/image-51.png\" alt=\"\" class=\"wp-image-21370\" srcset=\"https:\/\/radiostudiow.com.br\/site\/wp-content\/uploads\/2024\/04\/image-51.png 897w, https:\/\/radiostudiow.com.br\/site\/wp-content\/uploads\/2024\/04\/image-51-300x68.png 300w, https:\/\/radiostudiow.com.br\/site\/wp-content\/uploads\/2024\/04\/image-51-768x175.png 768w\" sizes=\"auto, (max-width: 897px) 100vw, 897px\" \/><\/figure>\n\n\n\n<p>Ao chegar ao local, os policiais constataram que o c\u00e3o n\u00e3o conseguia sair da galeria por conta pr\u00f3pria. Rapidamente, solicitaram o apoio dos Bombeiros Comunit\u00e1rios, que, com agilidade, removeram a grade que obstru\u00eda a sa\u00edda e resgataram o animal com seguran\u00e7a.<\/p>\n\n\n\n<p>A a\u00e7\u00e3o conjunta da Pol\u00edcia Militar e dos Bombeiros Comunit\u00e1rios foi amplamente elogiada pela comunidade, que destacou a efici\u00eancia e o compromisso dos agentes em proteger e salvar o animal.<\/p>\n\n\n\n<figure class=\"wp-block-gallery has-nested-images columns-default is-cropped wp-block-gallery-1 is-layout-flex wp-block-gallery-is-layout-flex\">\n<figure class=\"wp-block-image size-large\"><img loading=\"lazy\" decoding=\"async\" width=\"768\" height=\"1024\" data-id=\"26950\" src=\"https:\/\/radiostudiow.com.br\/site\/wp-content\/uploads\/2024\/09\/05-1-768x1024.jpeg\" alt=\"\" class=\"wp-image-26950\" srcset=\"https:\/\/radiostudiow.com.br\/site\/wp-content\/uploads\/2024\/09\/05-1-768x1024.jpeg 768w, https:\/\/radiostudiow.com.br\/site\/wp-content\/uploads\/2024\/09\/05-1-225x300.jpeg 225w, https:\/\/radiostudiow.com.br\/site\/wp-content\/uploads\/2024\/09\/05-1-1152x1536.jpeg 1152w, https:\/\/radiostudiow.com.br\/site\/wp-content\/uploads\/2024\/09\/05-1.jpeg 1200w\" sizes=\"auto, (max-width: 768px) 100vw, 768px\" \/><\/figure>\n\n\n\n<figure class=\"wp-block-image size-large\"><img loading=\"lazy\" decoding=\"async\" width=\"771\" height=\"1024\" data-id=\"26949\" src=\"https:\/\/radiostudiow.com.br\/site\/wp-content\/uploads\/2024\/09\/06-771x1024.jpeg\" alt=\"\" class=\"wp-image-26949\" srcset=\"https:\/\/radiostudiow.com.br\/site\/wp-content\/uploads\/2024\/09\/06-771x1024.jpeg 771w, https:\/\/radiostudiow.com.br\/site\/wp-content\/uploads\/2024\/09\/06-226x300.jpeg 226w, https:\/\/radiostudiow.com.br\/site\/wp-content\/uploads\/2024\/09\/06-768x1021.jpeg 768w, https:\/\/radiostudiow.com.br\/site\/wp-content\/uploads\/2024\/09\/06-1156x1536.jpeg 1156w, https:\/\/radiostudiow.com.br\/site\/wp-content\/uploads\/2024\/09\/06.jpeg 1204w\" sizes=\"auto, (max-width: 771px) 100vw, 771px\" \/><\/figure>\n<\/figure>\n\n\n\n<figure class=\"wp-block-image size-full\"><img loading=\"lazy\" decoding=\"async\" width=\"900\" height=\"408\" src=\"https:\/\/radiostudiow.com.br\/site\/wp-content\/uploads\/2024\/08\/image-64.png\" alt=\"\" class=\"wp-image-26531\" srcset=\"https:\/\/radiostudiow.com.br\/site\/wp-content\/uploads\/2024\/08\/image-64.png 900w, https:\/\/radiostudiow.com.br\/site\/wp-content\/uploads\/2024\/08\/image-64-300x136.png 300w, https:\/\/radiostudiow.com.br\/site\/wp-content\/uploads\/2024\/08\/image-64-768x348.png 768w\" sizes=\"auto, (max-width: 900px) 100vw, 900px\" \/><\/figure>\n\n\n\n<figure class=\"wp-block-video\"><video height=\"850\" style=\"aspect-ratio: 478 \/ 850;\" width=\"478\" controls src=\"https:\/\/radiostudiow.com.br\/site\/wp-content\/uploads\/2024\/09\/WhatsApp-Video-2024-09-02-at-18.37.10.mp4\"><\/video><\/figure>\n","protected":false},"excerpt":{"rendered":"<p>Na manh\u00e3 desta segunda-feira (02), a equipe da Pol\u00edcia Militar de Mallet realizou o resgate de um c\u00e3o que estava preso em uma galeria pluvial na Rua Rui Barbosa, em frente a um despachante do Detran. O acionamento ocorreu ap\u00f3s moradores locais notarem o animal em situa\u00e7\u00e3o de risco e solicitarem a interven\u00e7\u00e3o da pol\u00edcia. [&hellip;]<\/p>\n","protected":false},"author":2,"featured_media":26951,"comment_status":"open","ping_status":"open","sticky":false,"template":"","format":"standard","meta":{"footnotes":""},"categories":[2],"tags":[172],"class_list":["post-26948","post","type-post","status-publish","format-standard","has-post-thumbnail","hentry","category-policial","tag-featured"],"amp_enabled":true,"_links":{"self":[{"href":"https:\/\/radiostudiow.com.br\/site\/wp-json\/wp\/v2\/posts\/26948","targetHints":{"allow":["GET"]}}],"collection":[{"href":"https:\/\/radiostudiow.com.br\/site\/wp-json\/wp\/v2\/posts"}],"about":[{"href":"https:\/\/radiostudiow.com.br\/site\/wp-json\/wp\/v2\/types\/post"}],"author":[{"embeddable":true,"href":"https:\/\/radiostudiow.com.br\/site\/wp-json\/wp\/v2\/users\/2"}],"replies":[{"embeddable":true,"href":"https:\/\/radiostudiow.com.br\/site\/wp-json\/wp\/v2\/comments?post=26948"}],"version-history":[{"count":2,"href":"https:\/\/radiostudiow.com.br\/site\/wp-json\/wp\/v2\/posts\/26948\/revisions"}],"predecessor-version":[{"id":26974,"href":"https:\/\/radiostudiow.com.br\/site\/wp-json\/wp\/v2\/posts\/26948\/revisions\/26974"}],"wp:featuredmedia":[{"embeddable":true,"href":"https:\/\/radiostudiow.com.br\/site\/wp-json\/wp\/v2\/media\/26951"}],"wp:attachment":[{"href":"https:\/\/radiostudiow.com.br\/site\/wp-json\/wp\/v2\/media?parent=26948"}],"wp:term":[{"taxonomy":"category","embeddable":true,"href":"https:\/\/radiostudiow.com.br\/site\/wp-json\/wp\/v2\/categories?post=26948"},{"taxonomy":"post_tag","embeddable":true,"href":"https:\/\/radiostudiow.com.br\/site\/wp-json\/wp\/v2\/tags?post=26948"}],"curies":[{"name":"wp","href":"https:\/\/api.w.org\/{rel}","templated":true}]}}