{"id":26964,"date":"2024-09-04T10:16:37","date_gmt":"2024-09-04T13:16:37","guid":{"rendered":"https:\/\/radiostudiow.com.br\/site\/?p=26964"},"modified":"2025-01-31T14:58:30","modified_gmt":"2025-01-31T17:58:30","slug":"policia-militar-de-general-carneiro-recupera-carga-de-caminhao-que-havia-sido-furtada","status":"publish","type":"post","link":"https:\/\/radiostudiow.com.br\/site\/2024\/09\/04\/policia-militar-de-general-carneiro-recupera-carga-de-caminhao-que-havia-sido-furtada\/","title":{"rendered":"Pol\u00edcia Militar de General Carneiro recupera carga de caminh\u00e3o que havia sido furtada"},"content":{"rendered":"\n<p>Um senhor compareceu at\u00e9 a Sede da Pol\u00edcia Militar de General Carneiro por volta das 08 horas dessa segunda-feira, 02 de setembro, relatando que \u00e9 motorista de caminh\u00e3o e ocorreu um furto enquanto pernoitava.<\/p>\n\n\n\n<p>O solciitante passou a relatar que teve seu caminh\u00e3o arrombado e parte da carga furtada, sendo levado duas pias de inox de 1,60m.<\/p>\n\n\n\n<figure class=\"wp-block-image size-full\"><img loading=\"lazy\" decoding=\"async\" width=\"598\" height=\"204\" src=\"https:\/\/radiostudiow.com.br\/site\/wp-content\/uploads\/2024\/04\/image-29.png\" alt=\"\" class=\"wp-image-21283\" srcset=\"https:\/\/radiostudiow.com.br\/site\/wp-content\/uploads\/2024\/04\/image-29.png 598w, https:\/\/radiostudiow.com.br\/site\/wp-content\/uploads\/2024\/04\/image-29-300x102.png 300w\" sizes=\"auto, (max-width: 598px) 100vw, 598px\" \/><\/figure>\n\n\n\n<p>Diante dos fatos a v\u00edtima foi orientada quanto aos procedimentos, sendo intensificado o patrulhamento naquela regi\u00e3o as margem da BR-153, afim localizar o autor e os objetos furtados.<\/p>\n\n\n\n<p>Ap\u00f3s buscas, foi localizado os itens subtra\u00eddos escondidos em \u00e1rea de mata pr\u00f3ximo ao local do furto, sendo constatado que se tratavam dos objetos subtra\u00eddos.<\/p>\n\n\n\n<p>A equipe deslocou at\u00e9 a 4\u00b0 SDP de Uni\u00e3o da Vit\u00f3ria\/PR para os procedimentos pertinentes.<\/p>\n","protected":false},"excerpt":{"rendered":"<p>Um senhor compareceu at\u00e9 a Sede da Pol\u00edcia Militar de General Carneiro por volta das 08 horas dessa segunda-feira, 02 de setembro, relatando que \u00e9 motorista de caminh\u00e3o e ocorreu um furto enquanto pernoitava. O solciitante passou a relatar que teve seu caminh\u00e3o arrombado e parte da carga furtada, sendo levado duas pias de inox [&hellip;]<\/p>\n","protected":false},"author":2,"featured_media":22528,"comment_status":"open","ping_status":"open","sticky":false,"template":"","format":"standard","meta":{"footnotes":""},"categories":[7],"tags":[172],"class_list":["post-26964","post","type-post","status-publish","format-standard","has-post-thumbnail","hentry","category-geral","tag-featured"],"amp_enabled":true,"_links":{"self":[{"href":"https:\/\/radiostudiow.com.br\/site\/wp-json\/wp\/v2\/posts\/26964","targetHints":{"allow":["GET"]}}],"collection":[{"href":"https:\/\/radiostudiow.com.br\/site\/wp-json\/wp\/v2\/posts"}],"about":[{"href":"https:\/\/radiostudiow.com.br\/site\/wp-json\/wp\/v2\/types\/post"}],"author":[{"embeddable":true,"href":"https:\/\/radiostudiow.com.br\/site\/wp-json\/wp\/v2\/users\/2"}],"replies":[{"embeddable":true,"href":"https:\/\/radiostudiow.com.br\/site\/wp-json\/wp\/v2\/comments?post=26964"}],"version-history":[{"count":1,"href":"https:\/\/radiostudiow.com.br\/site\/wp-json\/wp\/v2\/posts\/26964\/revisions"}],"predecessor-version":[{"id":26969,"href":"https:\/\/radiostudiow.com.br\/site\/wp-json\/wp\/v2\/posts\/26964\/revisions\/26969"}],"wp:featuredmedia":[{"embeddable":true,"href":"https:\/\/radiostudiow.com.br\/site\/wp-json\/wp\/v2\/media\/22528"}],"wp:attachment":[{"href":"https:\/\/radiostudiow.com.br\/site\/wp-json\/wp\/v2\/media?parent=26964"}],"wp:term":[{"taxonomy":"category","embeddable":true,"href":"https:\/\/radiostudiow.com.br\/site\/wp-json\/wp\/v2\/categories?post=26964"},{"taxonomy":"post_tag","embeddable":true,"href":"https:\/\/radiostudiow.com.br\/site\/wp-json\/wp\/v2\/tags?post=26964"}],"curies":[{"name":"wp","href":"https:\/\/api.w.org\/{rel}","templated":true}]}}