{"id":26965,"date":"2024-09-04T10:03:02","date_gmt":"2024-09-04T13:03:02","guid":{"rendered":"https:\/\/radiostudiow.com.br\/site\/?p=26965"},"modified":"2025-01-31T14:58:30","modified_gmt":"2025-01-31T17:58:30","slug":"homem-procura-policia-apos-receber-ameacas-em-paulo-frontin-2","status":"publish","type":"post","link":"https:\/\/radiostudiow.com.br\/site\/2024\/09\/04\/homem-procura-policia-apos-receber-ameacas-em-paulo-frontin-2\/","title":{"rendered":"Homem procura pol\u00edcia ap\u00f3s receber amea\u00e7as em Paulo Frontin"},"content":{"rendered":"\n<p>Um senhor compareceu at\u00e9 a Pol\u00edcia Militar de Paulo Frontin relatando uma situa\u00e7\u00e3o de amea\u00e7a que ocorreu durante a noite de s\u00e1bado, 01 de setembro, mas foi registrada somente na tarde dessa segunda-feira (02).<\/p>\n\n\n\n<figure class=\"wp-block-image size-large\"><img loading=\"lazy\" decoding=\"async\" width=\"1024\" height=\"390\" src=\"https:\/\/radiostudiow.com.br\/site\/wp-content\/uploads\/2024\/06\/449383450_900410565459867_7398886830294326458_n-1024x390.png\" alt=\"\" class=\"wp-image-24042\" srcset=\"https:\/\/radiostudiow.com.br\/site\/wp-content\/uploads\/2024\/06\/449383450_900410565459867_7398886830294326458_n-1024x390.png 1024w, https:\/\/radiostudiow.com.br\/site\/wp-content\/uploads\/2024\/06\/449383450_900410565459867_7398886830294326458_n-300x114.png 300w, https:\/\/radiostudiow.com.br\/site\/wp-content\/uploads\/2024\/06\/449383450_900410565459867_7398886830294326458_n-768x292.png 768w, https:\/\/radiostudiow.com.br\/site\/wp-content\/uploads\/2024\/06\/449383450_900410565459867_7398886830294326458_n-1536x584.png 1536w, https:\/\/radiostudiow.com.br\/site\/wp-content\/uploads\/2024\/06\/449383450_900410565459867_7398886830294326458_n-2048x779.png 2048w\" sizes=\"auto, (max-width: 1024px) 100vw, 1024px\" \/><\/figure>\n\n\n\n<p>O solicitante relatou que durante a noite de s\u00e1bado (31), os vizinhos estavam fazendo uma festa e havia um som alto e gritaria. Momento que o senhor saiu para fora da resid\u00eancia os vizinhos passaram a proferir ofensas contra o solicitante, como &#8221; pode chamara pol\u00edcia que n\u00f3s n\u00e3o temos medo, vamos te pegar e te surrar&#8221;.<\/p>\n\n\n\n<p>Diante dos fatos o senhor optou por vir no DPM registrar o boletim para que n\u00e3o tivesse mais desaven\u00e7as com os autores das ofensas. Foi orientado quanto aos meios de representa\u00e7\u00e3o.<\/p>\n","protected":false},"excerpt":{"rendered":"<p>Um senhor compareceu at\u00e9 a Pol\u00edcia Militar de Paulo Frontin relatando uma situa\u00e7\u00e3o de amea\u00e7a que ocorreu durante a noite de s\u00e1bado, 01 de setembro, mas foi registrada somente na tarde dessa segunda-feira (02). O solicitante relatou que durante a noite de s\u00e1bado (31), os vizinhos estavam fazendo uma festa e havia um som alto [&hellip;]<\/p>\n","protected":false},"author":2,"featured_media":21777,"comment_status":"open","ping_status":"open","sticky":false,"template":"","format":"standard","meta":{"footnotes":""},"categories":[7],"tags":[172],"class_list":["post-26965","post","type-post","status-publish","format-standard","has-post-thumbnail","hentry","category-geral","tag-featured"],"amp_enabled":true,"_links":{"self":[{"href":"https:\/\/radiostudiow.com.br\/site\/wp-json\/wp\/v2\/posts\/26965","targetHints":{"allow":["GET"]}}],"collection":[{"href":"https:\/\/radiostudiow.com.br\/site\/wp-json\/wp\/v2\/posts"}],"about":[{"href":"https:\/\/radiostudiow.com.br\/site\/wp-json\/wp\/v2\/types\/post"}],"author":[{"embeddable":true,"href":"https:\/\/radiostudiow.com.br\/site\/wp-json\/wp\/v2\/users\/2"}],"replies":[{"embeddable":true,"href":"https:\/\/radiostudiow.com.br\/site\/wp-json\/wp\/v2\/comments?post=26965"}],"version-history":[{"count":1,"href":"https:\/\/radiostudiow.com.br\/site\/wp-json\/wp\/v2\/posts\/26965\/revisions"}],"predecessor-version":[{"id":26966,"href":"https:\/\/radiostudiow.com.br\/site\/wp-json\/wp\/v2\/posts\/26965\/revisions\/26966"}],"wp:featuredmedia":[{"embeddable":true,"href":"https:\/\/radiostudiow.com.br\/site\/wp-json\/wp\/v2\/media\/21777"}],"wp:attachment":[{"href":"https:\/\/radiostudiow.com.br\/site\/wp-json\/wp\/v2\/media?parent=26965"}],"wp:term":[{"taxonomy":"category","embeddable":true,"href":"https:\/\/radiostudiow.com.br\/site\/wp-json\/wp\/v2\/categories?post=26965"},{"taxonomy":"post_tag","embeddable":true,"href":"https:\/\/radiostudiow.com.br\/site\/wp-json\/wp\/v2\/tags?post=26965"}],"curies":[{"name":"wp","href":"https:\/\/api.w.org\/{rel}","templated":true}]}}