{"id":26967,"date":"2024-09-04T10:19:01","date_gmt":"2024-09-04T13:19:01","guid":{"rendered":"https:\/\/radiostudiow.com.br\/site\/?p=26967"},"modified":"2025-01-31T14:58:30","modified_gmt":"2025-01-31T17:58:30","slug":"moradora-de-paulo-frontin-procura-policia-apos-tentativa-de-furto-em-seu-estabelecimento-de-ensino-particular","status":"publish","type":"post","link":"https:\/\/radiostudiow.com.br\/site\/2024\/09\/04\/moradora-de-paulo-frontin-procura-policia-apos-tentativa-de-furto-em-seu-estabelecimento-de-ensino-particular\/","title":{"rendered":"Moradora de Paulo Frontin procura pol\u00edcia ap\u00f3s tentativa de furto em seu estabelecimento de ensino particular"},"content":{"rendered":"\n<p>Moradora de Paulo Frontin compareceu ao destacamento de Pol\u00edcia Militar para registrar uma tentativa de furto qualificado e dano por volta das 14:40 horas dessa segunda-feira (02).<\/p>\n\n\n\n<figure class=\"wp-block-image size-full\"><img loading=\"lazy\" decoding=\"async\" width=\"590\" height=\"204\" src=\"https:\/\/radiostudiow.com.br\/site\/wp-content\/uploads\/2024\/04\/image-27.png\" alt=\"\" class=\"wp-image-21280\" srcset=\"https:\/\/radiostudiow.com.br\/site\/wp-content\/uploads\/2024\/04\/image-27.png 590w, https:\/\/radiostudiow.com.br\/site\/wp-content\/uploads\/2024\/04\/image-27-300x104.png 300w\" sizes=\"auto, (max-width: 590px) 100vw, 590px\" \/><\/figure>\n\n\n\n<p>A solicitante relatou que na noite de domingo, 01 de setembro, houve uma tentativa de furto no seu estabelecimento de ensino particular no mun\u00edcipio de Uni\u00e3o da Vit\u00f3ria.<\/p>\n\n\n\n<p>A v\u00edtima relata que o autor teria arrombado as fechaduras da porta principal, por\u00e9m, n\u00e3o conseguiu adentrar no estabelecimento para concretizar o fato criminoso, tendo restado somente o dano.<\/p>\n\n\n\n<p>Diante da situa\u00e7\u00e3o a v\u00edtima foi orientada quanto aos procedimentos cab\u00edveis.<\/p>\n","protected":false},"excerpt":{"rendered":"<p>Moradora de Paulo Frontin compareceu ao destacamento de Pol\u00edcia Militar para registrar uma tentativa de furto qualificado e dano por volta das 14:40 horas dessa segunda-feira (02). A solicitante relatou que na noite de domingo, 01 de setembro, houve uma tentativa de furto no seu estabelecimento de ensino particular no mun\u00edcipio de Uni\u00e3o da Vit\u00f3ria. [&hellip;]<\/p>\n","protected":false},"author":2,"featured_media":18707,"comment_status":"open","ping_status":"open","sticky":false,"template":"","format":"standard","meta":{"footnotes":""},"categories":[7],"tags":[172],"class_list":["post-26967","post","type-post","status-publish","format-standard","has-post-thumbnail","hentry","category-geral","tag-featured"],"amp_enabled":true,"_links":{"self":[{"href":"https:\/\/radiostudiow.com.br\/site\/wp-json\/wp\/v2\/posts\/26967","targetHints":{"allow":["GET"]}}],"collection":[{"href":"https:\/\/radiostudiow.com.br\/site\/wp-json\/wp\/v2\/posts"}],"about":[{"href":"https:\/\/radiostudiow.com.br\/site\/wp-json\/wp\/v2\/types\/post"}],"author":[{"embeddable":true,"href":"https:\/\/radiostudiow.com.br\/site\/wp-json\/wp\/v2\/users\/2"}],"replies":[{"embeddable":true,"href":"https:\/\/radiostudiow.com.br\/site\/wp-json\/wp\/v2\/comments?post=26967"}],"version-history":[{"count":2,"href":"https:\/\/radiostudiow.com.br\/site\/wp-json\/wp\/v2\/posts\/26967\/revisions"}],"predecessor-version":[{"id":26971,"href":"https:\/\/radiostudiow.com.br\/site\/wp-json\/wp\/v2\/posts\/26967\/revisions\/26971"}],"wp:featuredmedia":[{"embeddable":true,"href":"https:\/\/radiostudiow.com.br\/site\/wp-json\/wp\/v2\/media\/18707"}],"wp:attachment":[{"href":"https:\/\/radiostudiow.com.br\/site\/wp-json\/wp\/v2\/media?parent=26967"}],"wp:term":[{"taxonomy":"category","embeddable":true,"href":"https:\/\/radiostudiow.com.br\/site\/wp-json\/wp\/v2\/categories?post=26967"},{"taxonomy":"post_tag","embeddable":true,"href":"https:\/\/radiostudiow.com.br\/site\/wp-json\/wp\/v2\/tags?post=26967"}],"curies":[{"name":"wp","href":"https:\/\/api.w.org\/{rel}","templated":true}]}}