{"id":26993,"date":"2024-09-05T10:07:15","date_gmt":"2024-09-05T13:07:15","guid":{"rendered":"https:\/\/radiostudiow.com.br\/site\/?p=26993"},"modified":"2025-01-31T14:58:30","modified_gmt":"2025-01-31T17:58:30","slug":"mulher-e-detida-em-sao-mateus-do-sul-por-esfaquear-homem-e-desacatar-policiais","status":"publish","type":"post","link":"https:\/\/radiostudiow.com.br\/site\/2024\/09\/05\/mulher-e-detida-em-sao-mateus-do-sul-por-esfaquear-homem-e-desacatar-policiais\/","title":{"rendered":"Mulher \u00e9 detida em S\u00e3o Mateus do Sul por esfaquear homem e desacatar policiais"},"content":{"rendered":"\n<p>Uma mulher foi detida em S\u00e3o Mateus do Sul ap\u00f3s esfaquear um homem e desacatar policiais durante a madrugada desta quarta-feira (4).<\/p>\n\n\n\n<figure class=\"wp-block-image size-full\"><img loading=\"lazy\" decoding=\"async\" width=\"897\" height=\"204\" src=\"https:\/\/radiostudiow.com.br\/site\/wp-content\/uploads\/2024\/08\/TIJOLAO.png\" alt=\"\" class=\"wp-image-25951\" srcset=\"https:\/\/radiostudiow.com.br\/site\/wp-content\/uploads\/2024\/08\/TIJOLAO.png 897w, https:\/\/radiostudiow.com.br\/site\/wp-content\/uploads\/2024\/08\/TIJOLAO-300x68.png 300w, https:\/\/radiostudiow.com.br\/site\/wp-content\/uploads\/2024\/08\/TIJOLAO-768x175.png 768w\" sizes=\"auto, (max-width: 897px) 100vw, 897px\" \/><\/figure>\n\n\n\n<p>Segundo apurado pela RDX com os delegados da 3\u00aa Subdivis\u00e3o Policial,&nbsp;a ocorr\u00eancia de ferimento por faca aconteceu na Vila Nepomuceno.&nbsp;A mulher desferiu o golpe na regi\u00e3o do bra\u00e7o de um masculino. Eles n\u00e3o possuem grau de parantesco. O que se sabe at\u00e9 o momento, \u00e9 que eles estariam juntos consumindo bebida alco\u00f3lica e que em um determinado momento, a mulher o atingiu.<\/p>\n\n\n\n<p>Ap\u00f3s fugir do local, a mulher foi abordada por policiais na Vila Nova, onde desacatou o servi\u00e7o de seguran\u00e7a. Ela foi ouvida e detida durante o plant\u00e3o de flagrantes da delegacia.<\/p>\n\n\n\n<figure class=\"wp-block-image size-full is-resized\"><img loading=\"lazy\" decoding=\"async\" width=\"900\" height=\"408\" src=\"https:\/\/radiostudiow.com.br\/site\/wp-content\/uploads\/2024\/08\/image-64.png\" alt=\"\" class=\"wp-image-26531\" style=\"width:622px;height:auto\" srcset=\"https:\/\/radiostudiow.com.br\/site\/wp-content\/uploads\/2024\/08\/image-64.png 900w, https:\/\/radiostudiow.com.br\/site\/wp-content\/uploads\/2024\/08\/image-64-300x136.png 300w, https:\/\/radiostudiow.com.br\/site\/wp-content\/uploads\/2024\/08\/image-64-768x348.png 768w\" sizes=\"auto, (max-width: 900px) 100vw, 900px\" \/><\/figure>\n\n\n\n<p>Ainda segundo apurado pela reportagem,&nbsp;a mulher \u00e9 a mesma suspeita de esfaquear outro homem na Vila Bom Jesus, seu ex-companheiro, no dia 24 de agosto.&nbsp;Nas duas situa\u00e7\u00f5es, os homens foram levados para atendimento m\u00e9dico e n\u00e3o correm risco de vida.<\/p>\n","protected":false},"excerpt":{"rendered":"<p>Uma mulher foi detida em S\u00e3o Mateus do Sul ap\u00f3s esfaquear um homem e desacatar policiais durante a madrugada desta quarta-feira (4). Segundo apurado pela RDX com os delegados da 3\u00aa Subdivis\u00e3o Policial,&nbsp;a ocorr\u00eancia de ferimento por faca aconteceu na Vila Nepomuceno.&nbsp;A mulher desferiu o golpe na regi\u00e3o do bra\u00e7o de um masculino. Eles n\u00e3o [&hellip;]<\/p>\n","protected":false},"author":2,"featured_media":24702,"comment_status":"open","ping_status":"open","sticky":false,"template":"","format":"standard","meta":{"footnotes":""},"categories":[2],"tags":[172],"class_list":["post-26993","post","type-post","status-publish","format-standard","has-post-thumbnail","hentry","category-policial","tag-featured"],"amp_enabled":true,"_links":{"self":[{"href":"https:\/\/radiostudiow.com.br\/site\/wp-json\/wp\/v2\/posts\/26993","targetHints":{"allow":["GET"]}}],"collection":[{"href":"https:\/\/radiostudiow.com.br\/site\/wp-json\/wp\/v2\/posts"}],"about":[{"href":"https:\/\/radiostudiow.com.br\/site\/wp-json\/wp\/v2\/types\/post"}],"author":[{"embeddable":true,"href":"https:\/\/radiostudiow.com.br\/site\/wp-json\/wp\/v2\/users\/2"}],"replies":[{"embeddable":true,"href":"https:\/\/radiostudiow.com.br\/site\/wp-json\/wp\/v2\/comments?post=26993"}],"version-history":[{"count":2,"href":"https:\/\/radiostudiow.com.br\/site\/wp-json\/wp\/v2\/posts\/26993\/revisions"}],"predecessor-version":[{"id":27025,"href":"https:\/\/radiostudiow.com.br\/site\/wp-json\/wp\/v2\/posts\/26993\/revisions\/27025"}],"wp:featuredmedia":[{"embeddable":true,"href":"https:\/\/radiostudiow.com.br\/site\/wp-json\/wp\/v2\/media\/24702"}],"wp:attachment":[{"href":"https:\/\/radiostudiow.com.br\/site\/wp-json\/wp\/v2\/media?parent=26993"}],"wp:term":[{"taxonomy":"category","embeddable":true,"href":"https:\/\/radiostudiow.com.br\/site\/wp-json\/wp\/v2\/categories?post=26993"},{"taxonomy":"post_tag","embeddable":true,"href":"https:\/\/radiostudiow.com.br\/site\/wp-json\/wp\/v2\/tags?post=26993"}],"curies":[{"name":"wp","href":"https:\/\/api.w.org\/{rel}","templated":true}]}}