{"id":27011,"date":"2024-09-04T21:05:58","date_gmt":"2024-09-05T00:05:58","guid":{"rendered":"https:\/\/radiostudiow.com.br\/site\/?p=27011"},"modified":"2025-01-31T14:58:30","modified_gmt":"2025-01-31T17:58:30","slug":"incendio-florestal-atinge-100-hectares-em-inacio-martins","status":"publish","type":"post","link":"https:\/\/radiostudiow.com.br\/site\/2024\/09\/04\/incendio-florestal-atinge-100-hectares-em-inacio-martins\/","title":{"rendered":"Inc\u00eandio florestal atinge 100 hectares em In\u00e1cio Martins"},"content":{"rendered":"\n<p>Um inc\u00eandio florestal de grandes propor\u00e7\u00f5es atingiu cerca de 100 hectares na \u00e1rea rural de In\u00e1cio Martins, destruindo, aproximadamente, 80 hectares de reflorestamento de pinus. O incidente ocorreu na localidade 5, interior do munic\u00edpio na tarde de segunda-feira (3).<\/p>\n\n\n\n<figure class=\"wp-block-image size-large\"><img decoding=\"async\" src=\"https:\/\/radiostudiow.com.br\/site\/wp-content\/uploads\/2024\/04\/PP-thumb-banner-miniatura1920x1080-1024x576.jpg\" alt=\"\" class=\"wp-image-22019\"\/><\/figure>\n\n\n\n<p>O Corpo de Bombeiros Militar de Irati foi acionado por volta das 15h10 para combater as chamas que se alastravam rapidamente pela vegeta\u00e7\u00e3o. Ao chegarem ao local, uma fazenda na \u00e1rea rural de In\u00e1cio Martins, os bombeiros se depararam com um cen\u00e1rio cr\u00edtico, onde o fogo consumia vastas \u00e1reas de floresta.<\/p>\n\n\n\n<p>A opera\u00e7\u00e3o de combate ao inc\u00eandio contou com a ajuda de funcion\u00e1rios da fazenda, que atuaram ao lado dos bombeiros para controlar as chamas. Al\u00e9m disso, a Prefeitura de In\u00e1cio Martins enviou um caminh\u00e3o-pipa para auxiliar nos trabalhos.<\/p>\n\n\n\n<p>O combate ao fogo se estendeu at\u00e9 a noite, e somente ap\u00f3s horas de trabalho intenso, as equipes conseguiram controlar o inc\u00eandio.<\/p>\n\n\n\n<figure class=\"wp-block-image size-full\"><img loading=\"lazy\" decoding=\"async\" width=\"900\" height=\"408\" src=\"https:\/\/radiostudiow.com.br\/site\/wp-content\/uploads\/2024\/08\/image-64.png\" alt=\"\" class=\"wp-image-26531\" srcset=\"https:\/\/radiostudiow.com.br\/site\/wp-content\/uploads\/2024\/08\/image-64.png 900w, https:\/\/radiostudiow.com.br\/site\/wp-content\/uploads\/2024\/08\/image-64-300x136.png 300w, https:\/\/radiostudiow.com.br\/site\/wp-content\/uploads\/2024\/08\/image-64-768x348.png 768w\" sizes=\"auto, (max-width: 900px) 100vw, 900px\" \/><\/figure>\n\n\n\n<h2 class=\"wp-block-heading\"><strong>Tempo seco favorece focos de inc\u00eandio em vegeta\u00e7\u00e3o, alerta bombeiro<\/strong><\/h2>\n\n\n\n<p>O Paran\u00e1 est\u00e1 enfrentando dias de calor e tempo seco, que devem continuar at\u00e9 metade de setembro, \u00e9 importante redobrar os cuidados.<\/p>\n\n\n\n<p>O&nbsp;tempo seco e a baixa umidade do ar t\u00eam favorecido os focos de inc\u00eandio&nbsp;em \u00e1reas de vegeta\u00e7\u00e3o, al\u00e9m da baixa umidade e do tempo seco,&nbsp;a maioria dos inc\u00eandios, \u00e9 proveniente de causa humana, como: Inc\u00eandio criminal, Perder o controle de uma fogueira, queima de lixo, jogar um cigarro aceso na estrada e realizar queima irregular em lotes vagos.<\/p>\n\n\n\n<p>Provocar inc\u00eandio em vegeta\u00e7\u00e3o \u00e9 crime previsto em lei. A&nbsp;pena \u00e9 de 2 a 4 anos de pris\u00e3o, al\u00e9m de multa.<\/p>\n\n\n\n<p>Conforme o portal G1, a corpora\u00e7\u00e3o afirmou que durante o per\u00edodo de estiagem s\u00e3o realizadas a\u00e7\u00f5es preventivas, como vistorias. E orienta, qualquer pessoa que se deparar com um inc\u00eandio n\u00e3o deve tentar debelar as chamas sozinho e sem roupas de prote\u00e7\u00e3o adequada. O ideal \u00e9 acionar o 193 ou 199 imediatamente para que os profissionais possam debelar o inc\u00eandio de maneira correta e segura.<\/p>\n\n\n\n<p><strong>Para proteger as nossas florestas \u00e9 importante:<\/strong><\/p>\n\n\n\n<p>&#8211; Separar e descartar o lixo nos locais corretos;<\/p>\n\n\n\n<p>&#8211; Evitar queimar lixo, folhas ou galhos;<\/p>\n\n\n\n<p>&#8211; N\u00e3o usar fogo para limpar terrenos;<\/p>\n\n\n\n<p>&#8211; Se fizer fogueira, apag\u00e1-la totalmente com \u00e1gua ou terra;<\/p>\n\n\n\n<p>&#8211; N\u00e3o soltar bal\u00f5es.<\/p>\n","protected":false},"excerpt":{"rendered":"<p>Um inc\u00eandio florestal de grandes propor\u00e7\u00f5es atingiu cerca de 100 hectares na \u00e1rea rural de In\u00e1cio Martins, destruindo, aproximadamente, 80 hectares de reflorestamento de pinus. O incidente ocorreu na localidade 5, interior do munic\u00edpio na tarde de segunda-feira (3). O Corpo de Bombeiros Militar de Irati foi acionado por volta das 15h10 para combater as [&hellip;]<\/p>\n","protected":false},"author":2,"featured_media":27013,"comment_status":"open","ping_status":"open","sticky":false,"template":"","format":"standard","meta":{"footnotes":""},"categories":[185],"tags":[172],"class_list":["post-27011","post","type-post","status-publish","format-standard","has-post-thumbnail","hentry","category-regional","tag-featured"],"amp_enabled":true,"_links":{"self":[{"href":"https:\/\/radiostudiow.com.br\/site\/wp-json\/wp\/v2\/posts\/27011","targetHints":{"allow":["GET"]}}],"collection":[{"href":"https:\/\/radiostudiow.com.br\/site\/wp-json\/wp\/v2\/posts"}],"about":[{"href":"https:\/\/radiostudiow.com.br\/site\/wp-json\/wp\/v2\/types\/post"}],"author":[{"embeddable":true,"href":"https:\/\/radiostudiow.com.br\/site\/wp-json\/wp\/v2\/users\/2"}],"replies":[{"embeddable":true,"href":"https:\/\/radiostudiow.com.br\/site\/wp-json\/wp\/v2\/comments?post=27011"}],"version-history":[{"count":1,"href":"https:\/\/radiostudiow.com.br\/site\/wp-json\/wp\/v2\/posts\/27011\/revisions"}],"predecessor-version":[{"id":27014,"href":"https:\/\/radiostudiow.com.br\/site\/wp-json\/wp\/v2\/posts\/27011\/revisions\/27014"}],"wp:featuredmedia":[{"embeddable":true,"href":"https:\/\/radiostudiow.com.br\/site\/wp-json\/wp\/v2\/media\/27013"}],"wp:attachment":[{"href":"https:\/\/radiostudiow.com.br\/site\/wp-json\/wp\/v2\/media?parent=27011"}],"wp:term":[{"taxonomy":"category","embeddable":true,"href":"https:\/\/radiostudiow.com.br\/site\/wp-json\/wp\/v2\/categories?post=27011"},{"taxonomy":"post_tag","embeddable":true,"href":"https:\/\/radiostudiow.com.br\/site\/wp-json\/wp\/v2\/tags?post=27011"}],"curies":[{"name":"wp","href":"https:\/\/api.w.org\/{rel}","templated":true}]}}