{"id":27016,"date":"2024-09-05T10:12:49","date_gmt":"2024-09-05T13:12:49","guid":{"rendered":"https:\/\/radiostudiow.com.br\/site\/?p=27016"},"modified":"2025-01-31T14:58:30","modified_gmt":"2025-01-31T17:58:30","slug":"bombeiros-e-policia-militar-atendem-ocorrencia-de-incendio-criminoso-em-sao-mateus-do-sul","status":"publish","type":"post","link":"https:\/\/radiostudiow.com.br\/site\/2024\/09\/05\/bombeiros-e-policia-militar-atendem-ocorrencia-de-incendio-criminoso-em-sao-mateus-do-sul\/","title":{"rendered":"Bombeiros e Pol\u00edcia Militar atendem ocorr\u00eancia de inc\u00eandio criminoso em S\u00e3o Mateus do Sul"},"content":{"rendered":"\n<p>A Pol\u00edcia Militar foi acionada na manh\u00e3 de ter\u00e7a-feira (03), via 190 para dar apoio aos Bombeiros em um inc\u00eandio criminoso \u00e0s margens da BR-476 pr\u00f3ximo a Vila Palmeirinha.<\/p>\n\n\n\n<p><a href=\"https:\/\/www.instagram.com\/amcgcamposgerais\/?hl=pt-br\" target=\"_blank\" rel=\"noreferrer noopener\"><\/a>Equipe no local encontrou os Bombeiros j\u00e1 eliminando o foco de inc\u00eandio. Feito contato com testemunhas, foi relatado aos policiais que foi visualizado um casal se abaixando no local onde iniciou o foco de inc\u00eandio e que ap\u00f3s isso come\u00e7ou o fogo.<\/p>\n\n\n\n<p>Equipe fez buscas pela regi\u00e3o, por\u00e9m como j\u00e1 havia algum tempo que os mesmos haviam sa\u00eddo do local n\u00e3o foi poss\u00edvel localiza-los.<\/p>\n\n\n\n<figure class=\"wp-block-image size-large\"><img loading=\"lazy\" decoding=\"async\" width=\"1024\" height=\"390\" src=\"https:\/\/radiostudiow.com.br\/site\/wp-content\/uploads\/2024\/06\/449383450_900410565459867_7398886830294326458_n-1024x390.png\" alt=\"\" class=\"wp-image-24042\" srcset=\"https:\/\/radiostudiow.com.br\/site\/wp-content\/uploads\/2024\/06\/449383450_900410565459867_7398886830294326458_n-1024x390.png 1024w, https:\/\/radiostudiow.com.br\/site\/wp-content\/uploads\/2024\/06\/449383450_900410565459867_7398886830294326458_n-300x114.png 300w, https:\/\/radiostudiow.com.br\/site\/wp-content\/uploads\/2024\/06\/449383450_900410565459867_7398886830294326458_n-768x292.png 768w, https:\/\/radiostudiow.com.br\/site\/wp-content\/uploads\/2024\/06\/449383450_900410565459867_7398886830294326458_n-1536x584.png 1536w, https:\/\/radiostudiow.com.br\/site\/wp-content\/uploads\/2024\/06\/449383450_900410565459867_7398886830294326458_n-2048x779.png 2048w\" sizes=\"auto, (max-width: 1024px) 100vw, 1024px\" \/><\/figure>\n\n\n\n<h2 class=\"wp-block-heading\"><strong>Tempo seco favorece focos de inc\u00eandio em vegeta\u00e7\u00e3o, alerta bombeiro<\/strong><\/h2>\n\n\n\n<p>O Paran\u00e1 est\u00e1 enfrentando dias de calor e tempo seco, que devem continuar at\u00e9 metade de setembro, \u00e9 importante redobrar os cuidados.<\/p>\n\n\n\n<p>O&nbsp;tempo seco e a baixa umidade do ar t\u00eam favorecido os focos de inc\u00eandio&nbsp;em \u00e1reas de vegeta\u00e7\u00e3o, al\u00e9m da baixa umidade e do tempo seco,&nbsp;a maioria dos inc\u00eandios, \u00e9 proveniente de causa humana, como: Inc\u00eandio criminal, Perder o controle de uma fogueira, queima de lixo, jogar um cigarro aceso na estrada e realizar queima irregular em lotes vagos.<\/p>\n\n\n\n<p>Provocar inc\u00eandio em vegeta\u00e7\u00e3o \u00e9 crime previsto em lei. A&nbsp;pena \u00e9 de 2 a 4 anos de pris\u00e3o, al\u00e9m de multa.<\/p>\n\n\n\n<p>Conforme o portal G1, a corpora\u00e7\u00e3o afirmou que durante o per\u00edodo de estiagem s\u00e3o realizadas a\u00e7\u00f5es preventivas, como vistorias. E orienta, qualquer pessoa que se deparar com um inc\u00eandio n\u00e3o deve tentar debelar as chamas sozinho e sem roupas de prote\u00e7\u00e3o adequada. O ideal \u00e9 acionar o 193 ou 199 imediatamente para que os profissionais possam debelar o inc\u00eandio de maneira correta e segura.<\/p>\n\n\n\n<figure class=\"wp-block-gallery has-nested-images columns-default is-cropped wp-block-gallery-1 is-layout-flex wp-block-gallery-is-layout-flex\">\n<figure class=\"wp-block-image size-large\"><img loading=\"lazy\" decoding=\"async\" width=\"500\" height=\"500\" data-id=\"27028\" src=\"https:\/\/radiostudiow.com.br\/site\/wp-content\/uploads\/2024\/09\/04.png\" alt=\"\" class=\"wp-image-27028\" srcset=\"https:\/\/radiostudiow.com.br\/site\/wp-content\/uploads\/2024\/09\/04.png 500w, https:\/\/radiostudiow.com.br\/site\/wp-content\/uploads\/2024\/09\/04-300x300.png 300w, https:\/\/radiostudiow.com.br\/site\/wp-content\/uploads\/2024\/09\/04-80x80.png 80w\" sizes=\"auto, (max-width: 500px) 100vw, 500px\" \/><\/figure>\n\n\n\n<figure class=\"wp-block-image size-large\"><img loading=\"lazy\" decoding=\"async\" width=\"827\" height=\"1024\" data-id=\"27027\" src=\"https:\/\/radiostudiow.com.br\/site\/wp-content\/uploads\/2024\/09\/05-827x1024.png\" alt=\"\" class=\"wp-image-27027\" srcset=\"https:\/\/radiostudiow.com.br\/site\/wp-content\/uploads\/2024\/09\/05-827x1024.png 827w, https:\/\/radiostudiow.com.br\/site\/wp-content\/uploads\/2024\/09\/05-242x300.png 242w, https:\/\/radiostudiow.com.br\/site\/wp-content\/uploads\/2024\/09\/05-768x951.png 768w, https:\/\/radiostudiow.com.br\/site\/wp-content\/uploads\/2024\/09\/05.png 866w\" sizes=\"auto, (max-width: 827px) 100vw, 827px\" \/><\/figure>\n<\/figure>\n\n\n\n<p><strong>Para proteger as nossas florestas \u00e9 importante:<\/strong><\/p>\n\n\n\n<p>&#8211; Separar e descartar o lixo nos locais corretos;<\/p>\n\n\n\n<p>&#8211; Evitar queimar lixo, folhas ou galhos;<\/p>\n\n\n\n<p>&#8211; N\u00e3o usar fogo para limpar terrenos;<\/p>\n\n\n\n<p>&#8211; Se fizer fogueira, apag\u00e1-la totalmente com \u00e1gua ou terra;<\/p>\n\n\n\n<p>&#8211; N\u00e3o soltar bal\u00f5es.<\/p>\n","protected":false},"excerpt":{"rendered":"<p>A Pol\u00edcia Militar foi acionada na manh\u00e3 de ter\u00e7a-feira (03), via 190 para dar apoio aos Bombeiros em um inc\u00eandio criminoso \u00e0s margens da BR-476 pr\u00f3ximo a Vila Palmeirinha. Equipe no local encontrou os Bombeiros j\u00e1 eliminando o foco de inc\u00eandio. Feito contato com testemunhas, foi relatado aos policiais que foi visualizado um casal se [&hellip;]<\/p>\n","protected":false},"author":2,"featured_media":9698,"comment_status":"open","ping_status":"open","sticky":false,"template":"","format":"standard","meta":{"footnotes":""},"categories":[185],"tags":[172],"class_list":["post-27016","post","type-post","status-publish","format-standard","has-post-thumbnail","hentry","category-regional","tag-featured"],"amp_enabled":true,"_links":{"self":[{"href":"https:\/\/radiostudiow.com.br\/site\/wp-json\/wp\/v2\/posts\/27016","targetHints":{"allow":["GET"]}}],"collection":[{"href":"https:\/\/radiostudiow.com.br\/site\/wp-json\/wp\/v2\/posts"}],"about":[{"href":"https:\/\/radiostudiow.com.br\/site\/wp-json\/wp\/v2\/types\/post"}],"author":[{"embeddable":true,"href":"https:\/\/radiostudiow.com.br\/site\/wp-json\/wp\/v2\/users\/2"}],"replies":[{"embeddable":true,"href":"https:\/\/radiostudiow.com.br\/site\/wp-json\/wp\/v2\/comments?post=27016"}],"version-history":[{"count":2,"href":"https:\/\/radiostudiow.com.br\/site\/wp-json\/wp\/v2\/posts\/27016\/revisions"}],"predecessor-version":[{"id":27029,"href":"https:\/\/radiostudiow.com.br\/site\/wp-json\/wp\/v2\/posts\/27016\/revisions\/27029"}],"wp:featuredmedia":[{"embeddable":true,"href":"https:\/\/radiostudiow.com.br\/site\/wp-json\/wp\/v2\/media\/9698"}],"wp:attachment":[{"href":"https:\/\/radiostudiow.com.br\/site\/wp-json\/wp\/v2\/media?parent=27016"}],"wp:term":[{"taxonomy":"category","embeddable":true,"href":"https:\/\/radiostudiow.com.br\/site\/wp-json\/wp\/v2\/categories?post=27016"},{"taxonomy":"post_tag","embeddable":true,"href":"https:\/\/radiostudiow.com.br\/site\/wp-json\/wp\/v2\/tags?post=27016"}],"curies":[{"name":"wp","href":"https:\/\/api.w.org\/{rel}","templated":true}]}}