{"id":27037,"date":"2024-09-05T10:46:52","date_gmt":"2024-09-05T13:46:52","guid":{"rendered":"https:\/\/radiostudiow.com.br\/site\/?p=27037"},"modified":"2025-01-31T14:58:30","modified_gmt":"2025-01-31T17:58:30","slug":"caminhao-tomba-e-interdita-br-153-em-rio-azul-pista-segue-sem-previsao-de-liberacao","status":"publish","type":"post","link":"https:\/\/radiostudiow.com.br\/site\/2024\/09\/05\/caminhao-tomba-e-interdita-br-153-em-rio-azul-pista-segue-sem-previsao-de-liberacao\/","title":{"rendered":"Caminh\u00e3o tomba e interdita BR-153 em Rio Azul; pista segue sem previs\u00e3o de libera\u00e7\u00e3o"},"content":{"rendered":"\n<p><strong><em>O condutor e a passageira tiveram ferimentos leves e foram encaminhados para atendimento m\u00e9dico<\/em><\/strong><\/p>\n\n\n\n<figure class=\"wp-block-image size-full\"><img loading=\"lazy\" decoding=\"async\" width=\"598\" height=\"204\" src=\"https:\/\/radiostudiow.com.br\/site\/wp-content\/uploads\/2024\/04\/image-29.png\" alt=\"\" class=\"wp-image-21283\" srcset=\"https:\/\/radiostudiow.com.br\/site\/wp-content\/uploads\/2024\/04\/image-29.png 598w, https:\/\/radiostudiow.com.br\/site\/wp-content\/uploads\/2024\/04\/image-29-300x102.png 300w\" sizes=\"auto, (max-width: 598px) 100vw, 598px\" \/><\/figure>\n\n\n\n<p>Na manh\u00e3 desta quinta-feira (5), um caminh\u00e3o tombou no Km 359 da BR-153, no munic\u00edpio de Rio Azul, causando a interdi\u00e7\u00e3o total da rodovia. O acidente ocorreu por volta das 7h e envolveu um caminh\u00e3o Volvo prata com semi-reboque preto, ambos com placas de Dourados\/MS.<\/p>\n\n\n\n<p>O motorista e a passageira do caminh\u00e3o sofreram ferimentos leves e foram encaminhados para atendimento m\u00e9dico.<\/p>\n\n\n\n<p>At\u00e9 o momento, n\u00e3o h\u00e1 previs\u00e3o de hor\u00e1rio para libera\u00e7\u00e3o da pista, e ainda n\u00e3o foram determinadas as causas que provocaram o incidente.<\/p>\n\n\n\n<figure class=\"wp-block-image size-full\"><img loading=\"lazy\" decoding=\"async\" width=\"300\" height=\"180\" src=\"https:\/\/radiostudiow.com.br\/site\/wp-content\/uploads\/2024\/04\/SITE-PEQUENO.png\" alt=\"\" class=\"wp-image-21712\"\/><\/figure>\n\n\n\n<p>A PRF esteve no local para sinalizar a via e auxiliar nas medidas para retirada do caminh\u00e3o.<\/p>\n\n\n\n<p>Motoristas que trafegam pela regi\u00e3o devem buscar rotas alternativas, considerando que a interdi\u00e7\u00e3o afeta ambos os sentidos da rodovia. As autoridades alertam para poss\u00edveis congestionamentos e orientam a prud\u00eancia no tr\u00e2nsito.<\/p>\n","protected":false},"excerpt":{"rendered":"<p>O condutor e a passageira tiveram ferimentos leves e foram encaminhados para atendimento m\u00e9dico Na manh\u00e3 desta quinta-feira (5), um caminh\u00e3o tombou no Km 359 da BR-153, no munic\u00edpio de Rio Azul, causando a interdi\u00e7\u00e3o total da rodovia. O acidente ocorreu por volta das 7h e envolveu um caminh\u00e3o Volvo prata com semi-reboque preto, ambos [&hellip;]<\/p>\n","protected":false},"author":2,"featured_media":27038,"comment_status":"open","ping_status":"open","sticky":false,"template":"","format":"standard","meta":{"footnotes":""},"categories":[185],"tags":[172],"class_list":["post-27037","post","type-post","status-publish","format-standard","has-post-thumbnail","hentry","category-regional","tag-featured"],"amp_enabled":true,"_links":{"self":[{"href":"https:\/\/radiostudiow.com.br\/site\/wp-json\/wp\/v2\/posts\/27037","targetHints":{"allow":["GET"]}}],"collection":[{"href":"https:\/\/radiostudiow.com.br\/site\/wp-json\/wp\/v2\/posts"}],"about":[{"href":"https:\/\/radiostudiow.com.br\/site\/wp-json\/wp\/v2\/types\/post"}],"author":[{"embeddable":true,"href":"https:\/\/radiostudiow.com.br\/site\/wp-json\/wp\/v2\/users\/2"}],"replies":[{"embeddable":true,"href":"https:\/\/radiostudiow.com.br\/site\/wp-json\/wp\/v2\/comments?post=27037"}],"version-history":[{"count":1,"href":"https:\/\/radiostudiow.com.br\/site\/wp-json\/wp\/v2\/posts\/27037\/revisions"}],"predecessor-version":[{"id":27039,"href":"https:\/\/radiostudiow.com.br\/site\/wp-json\/wp\/v2\/posts\/27037\/revisions\/27039"}],"wp:featuredmedia":[{"embeddable":true,"href":"https:\/\/radiostudiow.com.br\/site\/wp-json\/wp\/v2\/media\/27038"}],"wp:attachment":[{"href":"https:\/\/radiostudiow.com.br\/site\/wp-json\/wp\/v2\/media?parent=27037"}],"wp:term":[{"taxonomy":"category","embeddable":true,"href":"https:\/\/radiostudiow.com.br\/site\/wp-json\/wp\/v2\/categories?post=27037"},{"taxonomy":"post_tag","embeddable":true,"href":"https:\/\/radiostudiow.com.br\/site\/wp-json\/wp\/v2\/tags?post=27037"}],"curies":[{"name":"wp","href":"https:\/\/api.w.org\/{rel}","templated":true}]}}