{"id":2704,"date":"2021-07-01T11:42:13","date_gmt":"2021-07-01T14:42:13","guid":{"rendered":"https:\/\/radiostudiow.com.br\/site\/?p=2704"},"modified":"2025-01-15T11:53:53","modified_gmt":"2025-01-15T14:53:53","slug":"morador-de-cruz-machado-desaparecido-ha-tres-dias-e-avistado-no-interior-de-uniao-da-vitoria","status":"publish","type":"post","link":"https:\/\/radiostudiow.com.br\/site\/2021\/07\/01\/morador-de-cruz-machado-desaparecido-ha-tres-dias-e-avistado-no-interior-de-uniao-da-vitoria\/","title":{"rendered":"Morador de Cruz Machado desaparecido h\u00e1 tr\u00eas dias \u00e9 avistado no interior de Uni\u00e3o da Vit\u00f3ria"},"content":{"rendered":"\n<p>A Pol\u00edcia Militar da cidade de Uni\u00e3o da Vit\u00f3ria esteve mobilizada no atendimento de uma situa\u00e7\u00e3o de desaparecimento de pessoa, a qual foi registrada durante a tarde dessa quarta-feira (30).<\/p>\n\n\n\n<p>De acordo com informa\u00e7\u00f5es, foi recebida a informa\u00e7\u00e3o atrav\u00e9s do telefone, informando sobre a pessoa. Foi deslocado at\u00e9 a Col\u00f4nia indicada e encontrado o mesmo, que em conversa com a Pol\u00edcia, disse ter aproximadamente 50 anos de idade e n\u00e3o possuir documentos de identifica\u00e7\u00e3o. Ele tamb\u00e9m alegou que n\u00e3o estava sentido frio ou fome e que n\u00e3o queria ajuda de ningu\u00e9m.<\/p>\n\n\n\n<p>O homem que \u00e9 portador de necessidades especiais relatou que teve sua perna amputada anos anteriores devido a picada de cobras e por isso, s\u00f3 consegue se locomover por meio de cadeira de rodas. Ele foi encaminhado at\u00e9 o CRAS de Paulo Frontin e depois para a Assist\u00eancia Social Especial, aonde ficou sob cuidados.<\/p>\n\n\n\n<figure class=\"wp-block-image size-large\"><img decoding=\"async\" src=\"https:\/\/radiostudiow.com.br\/site\/wp-content\/uploads\/2021\/04\/SEPAC.jpg\" alt=\"\" class=\"wp-image-1367\"\/><\/figure>\n","protected":false},"excerpt":{"rendered":"<p>A Pol\u00edcia Militar da cidade de Uni\u00e3o da Vit\u00f3ria esteve mobilizada no atendimento de uma situa\u00e7\u00e3o de desaparecimento de pessoa, a qual foi registrada durante a tarde dessa quarta-feira (30). De acordo com informa\u00e7\u00f5es, foi recebida a informa\u00e7\u00e3o atrav\u00e9s do telefone, informando sobre a pessoa. Foi deslocado at\u00e9 a Col\u00f4nia indicada e encontrado o mesmo, [&hellip;]<\/p>\n","protected":false},"author":2,"featured_media":0,"comment_status":"open","ping_status":"open","sticky":false,"template":"","format":"standard","meta":{"footnotes":""},"categories":[2],"tags":[172],"class_list":["post-2704","post","type-post","status-publish","format-standard","hentry","category-policial","tag-featured"],"amp_enabled":true,"_links":{"self":[{"href":"https:\/\/radiostudiow.com.br\/site\/wp-json\/wp\/v2\/posts\/2704","targetHints":{"allow":["GET"]}}],"collection":[{"href":"https:\/\/radiostudiow.com.br\/site\/wp-json\/wp\/v2\/posts"}],"about":[{"href":"https:\/\/radiostudiow.com.br\/site\/wp-json\/wp\/v2\/types\/post"}],"author":[{"embeddable":true,"href":"https:\/\/radiostudiow.com.br\/site\/wp-json\/wp\/v2\/users\/2"}],"replies":[{"embeddable":true,"href":"https:\/\/radiostudiow.com.br\/site\/wp-json\/wp\/v2\/comments?post=2704"}],"version-history":[{"count":1,"href":"https:\/\/radiostudiow.com.br\/site\/wp-json\/wp\/v2\/posts\/2704\/revisions"}],"predecessor-version":[{"id":2705,"href":"https:\/\/radiostudiow.com.br\/site\/wp-json\/wp\/v2\/posts\/2704\/revisions\/2705"}],"wp:attachment":[{"href":"https:\/\/radiostudiow.com.br\/site\/wp-json\/wp\/v2\/media?parent=2704"}],"wp:term":[{"taxonomy":"category","embeddable":true,"href":"https:\/\/radiostudiow.com.br\/site\/wp-json\/wp\/v2\/categories?post=2704"},{"taxonomy":"post_tag","embeddable":true,"href":"https:\/\/radiostudiow.com.br\/site\/wp-json\/wp\/v2\/tags?post=2704"}],"curies":[{"name":"wp","href":"https:\/\/api.w.org\/{rel}","templated":true}]}}