{"id":27044,"date":"2024-09-05T16:29:15","date_gmt":"2024-09-05T19:29:15","guid":{"rendered":"https:\/\/radiostudiow.com.br\/site\/?p=27044"},"modified":"2025-01-31T14:58:30","modified_gmt":"2025-01-31T17:58:30","slug":"sicredi-amplia-presenca-em-irati-pr-inaugurando-a-terceira-agencia-no-municipio","status":"publish","type":"post","link":"https:\/\/radiostudiow.com.br\/site\/2024\/09\/05\/sicredi-amplia-presenca-em-irati-pr-inaugurando-a-terceira-agencia-no-municipio\/","title":{"rendered":"Sicredi amplia presen\u00e7a em Irati (PR) inaugurando a terceira ag\u00eancia no munic\u00edpio"},"content":{"rendered":"\n<p><em>Localizada na Avenida Dr. Vicente Machado a nova ag\u00eancia est\u00e1 de portas abertas para atender os associados<\/em><\/p>\n\n\n\n<figure class=\"wp-block-image size-full\"><img loading=\"lazy\" decoding=\"async\" width=\"897\" height=\"204\" src=\"https:\/\/radiostudiow.com.br\/site\/wp-content\/uploads\/2024\/04\/image-37.png\" alt=\"\" class=\"wp-image-21305\" srcset=\"https:\/\/radiostudiow.com.br\/site\/wp-content\/uploads\/2024\/04\/image-37.png 897w, https:\/\/radiostudiow.com.br\/site\/wp-content\/uploads\/2024\/04\/image-37-300x68.png 300w, https:\/\/radiostudiow.com.br\/site\/wp-content\/uploads\/2024\/04\/image-37-768x175.png 768w\" sizes=\"auto, (max-width: 897px) 100vw, 897px\" \/><\/figure>\n\n\n\n<p>Para oferecer um atendimento cada vez mais pr\u00f3ximo e diferenciado aos seus<br>associados, a Sicredi Centro Sul PR\/SC\/RJ, cooperativa de cr\u00e9dito com sede<br>em Prudent\u00f3polis (PR), inaugurou nesta sexta-feira (30\/08) sua terceira<br>ag\u00eancia na cidade de Irati (PR).<\/p>\n\n\n\n<p>A cerim\u00f4nia de inaugura\u00e7\u00e3o contou com a presen\u00e7a de diretores, conselho,<br>associados, autoridades p\u00fablicas, colaboradores, imprensa, entre outros<br>convidados.<\/p>\n\n\n\n<p>A ag\u00eancia oferece uma estrutura ampla, moderna e ecoeficiente, refletindo o<br>compromisso com a sustentabilidade e a inova\u00e7\u00e3o. Projetada para proporcionar<br>uma experi\u00eancia \u00fanica e agrad\u00e1vel, a instala\u00e7\u00e3o conta com espa\u00e7os<br>confort\u00e1veis e tecnologias avan\u00e7adas, que atendem \u00e0s necessidades dos<br>associados de forma eficiente e sustent\u00e1vel.<\/p>\n\n\n\n<figure class=\"wp-block-image size-large\"><img loading=\"lazy\" decoding=\"async\" width=\"1024\" height=\"682\" src=\"https:\/\/radiostudiow.com.br\/site\/wp-content\/uploads\/2024\/09\/DSC06259_Easy-Resize.com_-1024x682.jpg\" alt=\"\" class=\"wp-image-27045\" srcset=\"https:\/\/radiostudiow.com.br\/site\/wp-content\/uploads\/2024\/09\/DSC06259_Easy-Resize.com_-1024x682.jpg 1024w, https:\/\/radiostudiow.com.br\/site\/wp-content\/uploads\/2024\/09\/DSC06259_Easy-Resize.com_-300x200.jpg 300w, https:\/\/radiostudiow.com.br\/site\/wp-content\/uploads\/2024\/09\/DSC06259_Easy-Resize.com_-768x512.jpg 768w, https:\/\/radiostudiow.com.br\/site\/wp-content\/uploads\/2024\/09\/DSC06259_Easy-Resize.com_.jpg 1280w\" sizes=\"auto, (max-width: 1024px) 100vw, 1024px\" \/><\/figure>\n\n\n\n<p><strong><em>De acordo com o presidente da cooperativa, Santo Cappellari, a escolha de<br>abrir mais uma ag\u00eancia em Irati se deu pela expans\u00e3o regional da cooperativa<br>\u201cNossos associados e poupadores v\u00e3o desfrutar de mais um espa\u00e7o no<br>munic\u00edpio para fazerem seus neg\u00f3cios, al\u00e9m do atendimento diferenciado<br>oferecido pela nossa equipe. Tudo isso est\u00e1 alinhado ao prop\u00f3sito do Sicredi<br>de trabalhar com proximidade e gerar mais prosperidade\u201d, explica Cappellari.<\/em><\/strong><\/p>\n\n\n\n<h2 class=\"wp-block-heading\">40 anos<\/h2>\n\n\n\n<p>A Sicredi Centro Sul PR\/SC\/RJ celebrou no dia 25 de agosto, o anivers\u00e1rio de<br>40 anos, com 32 ag\u00eancias, distribu\u00eddas nas \u00e1reas de atua\u00e7\u00e3o, sendo 24 nos<br>estados do Paran\u00e1 e Santa Catarina e 8 no estado do Rio de Janeiro.<br>&nbsp;Contudo, at\u00e9 o final do ano est\u00e3o previstas as inaugura\u00e7\u00f5es de 4 novas<br>ag\u00eancias. A cooperativa atua com quase 70 mil associados e mais de 600<br>colaboradores, focados em oferecer solu\u00e7\u00f5es financeiras para cada perfil e<br>pautadas em valores cooperativistas.<\/p>\n\n\n\n<figure class=\"wp-block-image size-large\"><img loading=\"lazy\" decoding=\"async\" width=\"1024\" height=\"682\" src=\"https:\/\/radiostudiow.com.br\/site\/wp-content\/uploads\/2024\/09\/DSC06398_Easy-Resize.com_-1024x682.jpg\" alt=\"\" class=\"wp-image-27046\" srcset=\"https:\/\/radiostudiow.com.br\/site\/wp-content\/uploads\/2024\/09\/DSC06398_Easy-Resize.com_-1024x682.jpg 1024w, https:\/\/radiostudiow.com.br\/site\/wp-content\/uploads\/2024\/09\/DSC06398_Easy-Resize.com_-300x200.jpg 300w, https:\/\/radiostudiow.com.br\/site\/wp-content\/uploads\/2024\/09\/DSC06398_Easy-Resize.com_-768x512.jpg 768w, https:\/\/radiostudiow.com.br\/site\/wp-content\/uploads\/2024\/09\/DSC06398_Easy-Resize.com_.jpg 1280w\" sizes=\"auto, (max-width: 1024px) 100vw, 1024px\" \/><\/figure>\n\n\n\n<p><em><strong>Sobre o Sicredi<\/strong><\/em><\/p>\n\n\n\n<p><em>O Sicredi \u00e9 uma institui\u00e7\u00e3o financeira cooperativa comprometida com o crescimento de seus associados e com o desenvolvimento das regi\u00f5es onde atua. Possui um modelo de gest\u00e3o que valoriza a participa\u00e7\u00e3o dos mais de 8 milh\u00f5es de associados, que exercem o papel de donos do neg\u00f3cio. Com mais de 2.700 ag\u00eancias, o Sicredi est\u00e1 presente fisicamente em todos os estados brasileiros e no Distrito Federal, disponibilizando uma gama completa de solu\u00e7\u00f5es financeiras e muito mais.<\/em><\/p>\n\n\n\n<p><em>Site do Sicredi:<\/em><a href=\"http:\/\/www.sicredi.com.br\/site\" target=\"_blank\" rel=\"noreferrer noopener\"><em>&nbsp;Clique aqui<\/em><\/a><\/p>\n","protected":false},"excerpt":{"rendered":"<p>Localizada na Avenida Dr. Vicente Machado a nova ag\u00eancia est\u00e1 de portas abertas para atender os associados Para oferecer um atendimento cada vez mais pr\u00f3ximo e diferenciado aos seusassociados, a Sicredi Centro Sul PR\/SC\/RJ, cooperativa de cr\u00e9dito com sedeem Prudent\u00f3polis (PR), inaugurou nesta sexta-feira (30\/08) sua terceiraag\u00eancia na cidade de Irati (PR). A cerim\u00f4nia de [&hellip;]<\/p>\n","protected":false},"author":2,"featured_media":27047,"comment_status":"open","ping_status":"open","sticky":false,"template":"","format":"standard","meta":{"footnotes":""},"categories":[7],"tags":[172],"class_list":["post-27044","post","type-post","status-publish","format-standard","has-post-thumbnail","hentry","category-geral","tag-featured"],"amp_enabled":true,"_links":{"self":[{"href":"https:\/\/radiostudiow.com.br\/site\/wp-json\/wp\/v2\/posts\/27044","targetHints":{"allow":["GET"]}}],"collection":[{"href":"https:\/\/radiostudiow.com.br\/site\/wp-json\/wp\/v2\/posts"}],"about":[{"href":"https:\/\/radiostudiow.com.br\/site\/wp-json\/wp\/v2\/types\/post"}],"author":[{"embeddable":true,"href":"https:\/\/radiostudiow.com.br\/site\/wp-json\/wp\/v2\/users\/2"}],"replies":[{"embeddable":true,"href":"https:\/\/radiostudiow.com.br\/site\/wp-json\/wp\/v2\/comments?post=27044"}],"version-history":[{"count":1,"href":"https:\/\/radiostudiow.com.br\/site\/wp-json\/wp\/v2\/posts\/27044\/revisions"}],"predecessor-version":[{"id":27048,"href":"https:\/\/radiostudiow.com.br\/site\/wp-json\/wp\/v2\/posts\/27044\/revisions\/27048"}],"wp:featuredmedia":[{"embeddable":true,"href":"https:\/\/radiostudiow.com.br\/site\/wp-json\/wp\/v2\/media\/27047"}],"wp:attachment":[{"href":"https:\/\/radiostudiow.com.br\/site\/wp-json\/wp\/v2\/media?parent=27044"}],"wp:term":[{"taxonomy":"category","embeddable":true,"href":"https:\/\/radiostudiow.com.br\/site\/wp-json\/wp\/v2\/categories?post=27044"},{"taxonomy":"post_tag","embeddable":true,"href":"https:\/\/radiostudiow.com.br\/site\/wp-json\/wp\/v2\/tags?post=27044"}],"curies":[{"name":"wp","href":"https:\/\/api.w.org\/{rel}","templated":true}]}}