{"id":27056,"date":"2024-09-05T17:30:53","date_gmt":"2024-09-05T20:30:53","guid":{"rendered":"https:\/\/radiostudiow.com.br\/site\/?p=27056"},"modified":"2025-01-31T14:58:29","modified_gmt":"2025-01-31T17:58:29","slug":"homem-reage-em-abordagem-aponta-arma-para-pm-e-acaba-baleado-grande-quantidade-de-drogas-foi-apreendida","status":"publish","type":"post","link":"https:\/\/radiostudiow.com.br\/site\/2024\/09\/05\/homem-reage-em-abordagem-aponta-arma-para-pm-e-acaba-baleado-grande-quantidade-de-drogas-foi-apreendida\/","title":{"rendered":"Homem reage em abordagem, aponta arma para PM e acaba baleado. Grande quantidade de drogas foi apreendida"},"content":{"rendered":"\n<p>Um homem que n\u00e3o teve o nome divulgado foi baleado na noite dessa quarta-feira, dia 04 de setembro, ap\u00f3s reagir a uma abordagem policial e apontar uma arma na dire\u00e7\u00e3o dos policiais. A situa\u00e7\u00e3o aconteceu em uma \u00e1rea rural de Uni\u00e3o da Vit\u00f3ria por volta das 22h25.<\/p>\n\n\n\n<figure class=\"wp-block-image size-full\"><img loading=\"lazy\" decoding=\"async\" width=\"590\" height=\"204\" src=\"https:\/\/radiostudiow.com.br\/site\/wp-content\/uploads\/2024\/04\/image-9.png\" alt=\"\" class=\"wp-image-21181\" srcset=\"https:\/\/radiostudiow.com.br\/site\/wp-content\/uploads\/2024\/04\/image-9.png 590w, https:\/\/radiostudiow.com.br\/site\/wp-content\/uploads\/2024\/04\/image-9-300x104.png 300w\" sizes=\"auto, (max-width: 590px) 100vw, 590px\" \/><\/figure>\n\n\n\n<p>Conforme informa\u00e7\u00f5es, a Pol\u00edcia estava averiguando uma den\u00fancia e realizou a abordagem do suspeito, o qual desobedeceu a ordem e tentou fugir. Ao perceber que n\u00e3o conseguiria escapar, ele sacou uma pistola e apontou na dire\u00e7\u00e3o da equipe policial que rapidamente agiu e efetuou um disparo, atingindo o suspeito.<\/p>\n\n\n\n<p>Contido, ele confessou que armazenamento drogas, sendo encontrado em sua casa 12 quilos de maconha, 1,3 kg de coca\u00edna, 0,650kg de crack, 2,7 kg murruga, 0,186g de haxixe, al\u00e9m de balan\u00e7as digitais de precis\u00e3o, material para comercializa\u00e7\u00e3o dos entorpecentes, r\u00e9plicas de armas de fogo, entre outros il\u00edcitos.<\/p>\n\n\n\n<p>O homem foi encaminhado pelo Corpo de Bombeiros at\u00e9 o hospital para receber atendimentos m\u00e9dicos e ficou sob cust\u00f3dia. O material il\u00edcito encontrado foi entregue na delegacia.<\/p>\n","protected":false},"excerpt":{"rendered":"<p>Um homem que n\u00e3o teve o nome divulgado foi baleado na noite dessa quarta-feira, dia 04 de setembro, ap\u00f3s reagir a uma abordagem policial e apontar uma arma na dire\u00e7\u00e3o dos policiais. A situa\u00e7\u00e3o aconteceu em uma \u00e1rea rural de Uni\u00e3o da Vit\u00f3ria por volta das 22h25. Conforme informa\u00e7\u00f5es, a Pol\u00edcia estava averiguando uma den\u00fancia [&hellip;]<\/p>\n","protected":false},"author":2,"featured_media":27057,"comment_status":"open","ping_status":"open","sticky":false,"template":"","format":"standard","meta":{"footnotes":""},"categories":[2],"tags":[172],"class_list":["post-27056","post","type-post","status-publish","format-standard","has-post-thumbnail","hentry","category-policial","tag-featured"],"amp_enabled":true,"_links":{"self":[{"href":"https:\/\/radiostudiow.com.br\/site\/wp-json\/wp\/v2\/posts\/27056","targetHints":{"allow":["GET"]}}],"collection":[{"href":"https:\/\/radiostudiow.com.br\/site\/wp-json\/wp\/v2\/posts"}],"about":[{"href":"https:\/\/radiostudiow.com.br\/site\/wp-json\/wp\/v2\/types\/post"}],"author":[{"embeddable":true,"href":"https:\/\/radiostudiow.com.br\/site\/wp-json\/wp\/v2\/users\/2"}],"replies":[{"embeddable":true,"href":"https:\/\/radiostudiow.com.br\/site\/wp-json\/wp\/v2\/comments?post=27056"}],"version-history":[{"count":1,"href":"https:\/\/radiostudiow.com.br\/site\/wp-json\/wp\/v2\/posts\/27056\/revisions"}],"predecessor-version":[{"id":27058,"href":"https:\/\/radiostudiow.com.br\/site\/wp-json\/wp\/v2\/posts\/27056\/revisions\/27058"}],"wp:featuredmedia":[{"embeddable":true,"href":"https:\/\/radiostudiow.com.br\/site\/wp-json\/wp\/v2\/media\/27057"}],"wp:attachment":[{"href":"https:\/\/radiostudiow.com.br\/site\/wp-json\/wp\/v2\/media?parent=27056"}],"wp:term":[{"taxonomy":"category","embeddable":true,"href":"https:\/\/radiostudiow.com.br\/site\/wp-json\/wp\/v2\/categories?post=27056"},{"taxonomy":"post_tag","embeddable":true,"href":"https:\/\/radiostudiow.com.br\/site\/wp-json\/wp\/v2\/tags?post=27056"}],"curies":[{"name":"wp","href":"https:\/\/api.w.org\/{rel}","templated":true}]}}