{"id":27063,"date":"2024-09-06T12:03:07","date_gmt":"2024-09-06T15:03:07","guid":{"rendered":"https:\/\/radiostudiow.com.br\/site\/?p=27063"},"modified":"2025-01-31T14:58:29","modified_gmt":"2025-01-31T17:58:29","slug":"acidente-entre-caminhoes-causa-vazamento-de-oleo-na-br-153-em-porto-vitoria","status":"publish","type":"post","link":"https:\/\/radiostudiow.com.br\/site\/2024\/09\/06\/acidente-entre-caminhoes-causa-vazamento-de-oleo-na-br-153-em-porto-vitoria\/","title":{"rendered":"Acidente entre caminh\u00f5es causa vazamento de \u00f3leo na BR-153 em Porto Vit\u00f3ria"},"content":{"rendered":"\n<p>A equipe da Pol\u00edcia Rodovi\u00e1ria Federal atendeu no in\u00edcio da manh\u00e3 desta quinta-feira, 05 de setembro, a um acidente tipo colis\u00e3o traseira entre dois caminh\u00f5es na BR-153 km 475 nas proximidades do posto da PRF de Porto Vit\u00f3ria.<a href=\"https:\/\/www.instagram.com\/amcgcamposgerais\/?hl=pt-br\" target=\"_blank\" rel=\"noreferrer noopener\"><\/a><\/p>\n\n\n\n<p>O acidente envolveu um ve\u00edculo Scania com placas de Pato Branco que bateu na traseira de um caminh\u00e3o Volvo com placas de Palmas.<\/p>\n\n\n\n<figure class=\"wp-block-image size-full\"><img loading=\"lazy\" decoding=\"async\" width=\"598\" height=\"204\" src=\"https:\/\/radiostudiow.com.br\/site\/wp-content\/uploads\/2024\/04\/image-39.png\" alt=\"\" class=\"wp-image-21311\" srcset=\"https:\/\/radiostudiow.com.br\/site\/wp-content\/uploads\/2024\/04\/image-39.png 598w, https:\/\/radiostudiow.com.br\/site\/wp-content\/uploads\/2024\/04\/image-39-300x102.png 300w\" sizes=\"auto, (max-width: 598px) 100vw, 598px\" \/><\/figure>\n\n\n\n<p>A rodovia ficou interditada parcialmente at\u00e9 a retirada dos ve\u00edculos com aux\u00edlio de guincho. O corpo de bombeiros foi acionado para efetuar a limpeza da pista devido a um vazamento de \u00f3leo de um dos caminh\u00f5es.<\/p>\n\n\n\n<p>Apesar do forte impacto, nenhum dos motoristas se feriu.<\/p>\n\n\n\n<p><em>Com informa\u00e7\u00f5es Portal da Cidade e PRF<\/em><\/p>\n","protected":false},"excerpt":{"rendered":"<p>A equipe da Pol\u00edcia Rodovi\u00e1ria Federal atendeu no in\u00edcio da manh\u00e3 desta quinta-feira, 05 de setembro, a um acidente tipo colis\u00e3o traseira entre dois caminh\u00f5es na BR-153 km 475 nas proximidades do posto da PRF de Porto Vit\u00f3ria. O acidente envolveu um ve\u00edculo Scania com placas de Pato Branco que bateu na traseira de um [&hellip;]<\/p>\n","protected":false},"author":2,"featured_media":27098,"comment_status":"open","ping_status":"open","sticky":false,"template":"","format":"standard","meta":{"footnotes":""},"categories":[185],"tags":[172],"class_list":["post-27063","post","type-post","status-publish","format-standard","has-post-thumbnail","hentry","category-regional","tag-featured"],"amp_enabled":true,"_links":{"self":[{"href":"https:\/\/radiostudiow.com.br\/site\/wp-json\/wp\/v2\/posts\/27063","targetHints":{"allow":["GET"]}}],"collection":[{"href":"https:\/\/radiostudiow.com.br\/site\/wp-json\/wp\/v2\/posts"}],"about":[{"href":"https:\/\/radiostudiow.com.br\/site\/wp-json\/wp\/v2\/types\/post"}],"author":[{"embeddable":true,"href":"https:\/\/radiostudiow.com.br\/site\/wp-json\/wp\/v2\/users\/2"}],"replies":[{"embeddable":true,"href":"https:\/\/radiostudiow.com.br\/site\/wp-json\/wp\/v2\/comments?post=27063"}],"version-history":[{"count":2,"href":"https:\/\/radiostudiow.com.br\/site\/wp-json\/wp\/v2\/posts\/27063\/revisions"}],"predecessor-version":[{"id":27093,"href":"https:\/\/radiostudiow.com.br\/site\/wp-json\/wp\/v2\/posts\/27063\/revisions\/27093"}],"wp:featuredmedia":[{"embeddable":true,"href":"https:\/\/radiostudiow.com.br\/site\/wp-json\/wp\/v2\/media\/27098"}],"wp:attachment":[{"href":"https:\/\/radiostudiow.com.br\/site\/wp-json\/wp\/v2\/media?parent=27063"}],"wp:term":[{"taxonomy":"category","embeddable":true,"href":"https:\/\/radiostudiow.com.br\/site\/wp-json\/wp\/v2\/categories?post=27063"},{"taxonomy":"post_tag","embeddable":true,"href":"https:\/\/radiostudiow.com.br\/site\/wp-json\/wp\/v2\/tags?post=27063"}],"curies":[{"name":"wp","href":"https:\/\/api.w.org\/{rel}","templated":true}]}}