{"id":2707,"date":"2021-07-01T11:53:04","date_gmt":"2021-07-01T14:53:04","guid":{"rendered":"https:\/\/radiostudiow.com.br\/site\/?p=2707"},"modified":"2025-01-15T11:53:58","modified_gmt":"2025-01-15T14:53:58","slug":"homem-morre-atropelado-na-br-153-em-general-carneiro","status":"publish","type":"post","link":"https:\/\/radiostudiow.com.br\/site\/2021\/07\/01\/homem-morre-atropelado-na-br-153-em-general-carneiro\/","title":{"rendered":"Homem morre atropelado na BR-153 em General Carneiro"},"content":{"rendered":"\n<p>Um homem que ainda n\u00e3o teve a identifica\u00e7\u00e3o divulgada oficialmente, morreu v\u00edtima de um atropelamento na rodovia BR-153, na cidade de General Carneiro. A trag\u00e9dia ocorreu na noite dessa quarta-feira, dia 30 de junho, e foi confirmada \u00e0 reportagem do Canal 4 TV nesta manh\u00e3 de quinta-feira, 01 de junho.<\/p>\n\n\n\n<p>De acordo com informa\u00e7\u00f5es do relat\u00f3rio policial, o rapaz que a princ\u00edpio se trata de um morador do interior de General Carneiro, estaria retornado do trabalho por volta das 21 horas, quando ao tentar atravessar a rodovia na regi\u00e3o da Serra do Honorato, na altura do KM 515 da rodovia, acabou sendo atingido por um caminh\u00e3o.<\/p>\n\n\n\n<p>O motorista do caminh\u00e3o parou no local e prestou socorro, acionado o Servi\u00e7o de Atendimento M\u00f3vel de Urg\u00eancia \u2013 SAMU, no entanto, a v\u00edtima atropelada n\u00e3o resistiu aos ferimentos e morreu ainda no local. O corpo foi encaminhado para o Instituto M\u00e9dico Legal \u2013 IML de Uni\u00e3o da Vit\u00f3ria e at\u00e9 \u00e0s 10:30 horas desta manh\u00e3 de quinta-feira, seguia sem uma identifica\u00e7\u00e3o oficial.<\/p>\n\n\n\n<figure class=\"wp-block-image size-large\"><img decoding=\"async\" src=\"https:\/\/radiostudiow.com.br\/site\/wp-content\/uploads\/2021\/05\/421-4219753_homem-homem-png.png\" alt=\"\" class=\"wp-image-2170\"\/><\/figure>\n","protected":false},"excerpt":{"rendered":"<p>Um homem que ainda n\u00e3o teve a identifica\u00e7\u00e3o divulgada oficialmente, morreu v\u00edtima de um atropelamento na rodovia BR-153, na cidade de General Carneiro. A trag\u00e9dia ocorreu na noite dessa quarta-feira, dia 30 de junho, e foi confirmada \u00e0 reportagem do Canal 4 TV nesta manh\u00e3 de quinta-feira, 01 de junho. De acordo com informa\u00e7\u00f5es do [&hellip;]<\/p>\n","protected":false},"author":2,"featured_media":2335,"comment_status":"open","ping_status":"open","sticky":false,"template":"","format":"standard","meta":{"footnotes":""},"categories":[2],"tags":[172],"class_list":["post-2707","post","type-post","status-publish","format-standard","has-post-thumbnail","hentry","category-policial","tag-featured"],"amp_enabled":true,"_links":{"self":[{"href":"https:\/\/radiostudiow.com.br\/site\/wp-json\/wp\/v2\/posts\/2707","targetHints":{"allow":["GET"]}}],"collection":[{"href":"https:\/\/radiostudiow.com.br\/site\/wp-json\/wp\/v2\/posts"}],"about":[{"href":"https:\/\/radiostudiow.com.br\/site\/wp-json\/wp\/v2\/types\/post"}],"author":[{"embeddable":true,"href":"https:\/\/radiostudiow.com.br\/site\/wp-json\/wp\/v2\/users\/2"}],"replies":[{"embeddable":true,"href":"https:\/\/radiostudiow.com.br\/site\/wp-json\/wp\/v2\/comments?post=2707"}],"version-history":[{"count":1,"href":"https:\/\/radiostudiow.com.br\/site\/wp-json\/wp\/v2\/posts\/2707\/revisions"}],"predecessor-version":[{"id":2708,"href":"https:\/\/radiostudiow.com.br\/site\/wp-json\/wp\/v2\/posts\/2707\/revisions\/2708"}],"wp:featuredmedia":[{"embeddable":true,"href":"https:\/\/radiostudiow.com.br\/site\/wp-json\/wp\/v2\/media\/2335"}],"wp:attachment":[{"href":"https:\/\/radiostudiow.com.br\/site\/wp-json\/wp\/v2\/media?parent=2707"}],"wp:term":[{"taxonomy":"category","embeddable":true,"href":"https:\/\/radiostudiow.com.br\/site\/wp-json\/wp\/v2\/categories?post=2707"},{"taxonomy":"post_tag","embeddable":true,"href":"https:\/\/radiostudiow.com.br\/site\/wp-json\/wp\/v2\/tags?post=2707"}],"curies":[{"name":"wp","href":"https:\/\/api.w.org\/{rel}","templated":true}]}}