{"id":27074,"date":"2024-09-06T10:20:26","date_gmt":"2024-09-06T13:20:26","guid":{"rendered":"https:\/\/radiostudiow.com.br\/site\/?p=27074"},"modified":"2025-01-31T14:58:29","modified_gmt":"2025-01-31T17:58:29","slug":"prf-localizou-quase-2-toneladas-de-drogas-em-caminhao-abordado-na-br-277-em-irati","status":"publish","type":"post","link":"https:\/\/radiostudiow.com.br\/site\/2024\/09\/06\/prf-localizou-quase-2-toneladas-de-drogas-em-caminhao-abordado-na-br-277-em-irati\/","title":{"rendered":"PRF localizou quase 2 toneladas de drogas em caminh\u00e3o abordado na BR-277 em Irati"},"content":{"rendered":"\n<p>A Pol\u00edcia Rodovi\u00e1ria Federal (PRF) apreendeu quase duas toneladas de maconha na BR-277, em Irati, na manh\u00e3 de ontem. As drogas foram encontradas no compartimento de carga de um caminh\u00e3o abordado no quil\u00f4metro 245 da rodovia.<\/p>\n\n\n\n<figure class=\"wp-block-image size-large\"><img loading=\"lazy\" decoding=\"async\" width=\"1024\" height=\"390\" src=\"https:\/\/radiostudiow.com.br\/site\/wp-content\/uploads\/2024\/06\/449383450_900410565459867_7398886830294326458_n-1024x390.png\" alt=\"\" class=\"wp-image-24042\" srcset=\"https:\/\/radiostudiow.com.br\/site\/wp-content\/uploads\/2024\/06\/449383450_900410565459867_7398886830294326458_n-1024x390.png 1024w, https:\/\/radiostudiow.com.br\/site\/wp-content\/uploads\/2024\/06\/449383450_900410565459867_7398886830294326458_n-300x114.png 300w, https:\/\/radiostudiow.com.br\/site\/wp-content\/uploads\/2024\/06\/449383450_900410565459867_7398886830294326458_n-768x292.png 768w, https:\/\/radiostudiow.com.br\/site\/wp-content\/uploads\/2024\/06\/449383450_900410565459867_7398886830294326458_n-1536x584.png 1536w, https:\/\/radiostudiow.com.br\/site\/wp-content\/uploads\/2024\/06\/449383450_900410565459867_7398886830294326458_n-2048x779.png 2048w\" sizes=\"auto, (max-width: 1024px) 100vw, 1024px\" \/><\/figure>\n\n\n\n<p>De acordo com os policiais, o condutor de 36 anos estava com a Carteira Nacional de Habilita\u00e7\u00e3o (CNH) vencida desde 2010 e apresentava nervosismo no momento da fiscaliza\u00e7\u00e3o. Os policiais encontraram 1.945 quilos de drogas no caminh\u00e3o.<\/p>\n\n\n\n<p>O motorista disse que pegou os entorpecentes em um munic\u00edpio pr\u00f3ximo de Cascavel e levaria a carga at\u00e9 Curitiba. O homem foi preso por tr\u00e1fico de drogas e encaminhado para a Delegacia.<\/p>\n","protected":false},"excerpt":{"rendered":"<p>A Pol\u00edcia Rodovi\u00e1ria Federal (PRF) apreendeu quase duas toneladas de maconha na BR-277, em Irati, na manh\u00e3 de ontem. As drogas foram encontradas no compartimento de carga de um caminh\u00e3o abordado no quil\u00f4metro 245 da rodovia. De acordo com os policiais, o condutor de 36 anos estava com a Carteira Nacional de Habilita\u00e7\u00e3o (CNH) vencida [&hellip;]<\/p>\n","protected":false},"author":2,"featured_media":27075,"comment_status":"open","ping_status":"open","sticky":false,"template":"","format":"standard","meta":{"footnotes":""},"categories":[2],"tags":[172],"class_list":["post-27074","post","type-post","status-publish","format-standard","has-post-thumbnail","hentry","category-policial","tag-featured"],"amp_enabled":true,"_links":{"self":[{"href":"https:\/\/radiostudiow.com.br\/site\/wp-json\/wp\/v2\/posts\/27074","targetHints":{"allow":["GET"]}}],"collection":[{"href":"https:\/\/radiostudiow.com.br\/site\/wp-json\/wp\/v2\/posts"}],"about":[{"href":"https:\/\/radiostudiow.com.br\/site\/wp-json\/wp\/v2\/types\/post"}],"author":[{"embeddable":true,"href":"https:\/\/radiostudiow.com.br\/site\/wp-json\/wp\/v2\/users\/2"}],"replies":[{"embeddable":true,"href":"https:\/\/radiostudiow.com.br\/site\/wp-json\/wp\/v2\/comments?post=27074"}],"version-history":[{"count":1,"href":"https:\/\/radiostudiow.com.br\/site\/wp-json\/wp\/v2\/posts\/27074\/revisions"}],"predecessor-version":[{"id":27076,"href":"https:\/\/radiostudiow.com.br\/site\/wp-json\/wp\/v2\/posts\/27074\/revisions\/27076"}],"wp:featuredmedia":[{"embeddable":true,"href":"https:\/\/radiostudiow.com.br\/site\/wp-json\/wp\/v2\/media\/27075"}],"wp:attachment":[{"href":"https:\/\/radiostudiow.com.br\/site\/wp-json\/wp\/v2\/media?parent=27074"}],"wp:term":[{"taxonomy":"category","embeddable":true,"href":"https:\/\/radiostudiow.com.br\/site\/wp-json\/wp\/v2\/categories?post=27074"},{"taxonomy":"post_tag","embeddable":true,"href":"https:\/\/radiostudiow.com.br\/site\/wp-json\/wp\/v2\/tags?post=27074"}],"curies":[{"name":"wp","href":"https:\/\/api.w.org\/{rel}","templated":true}]}}