{"id":2709,"date":"2021-07-01T11:56:56","date_gmt":"2021-07-01T14:56:56","guid":{"rendered":"https:\/\/radiostudiow.com.br\/site\/?p=2709"},"modified":"2025-01-15T11:54:02","modified_gmt":"2025-01-15T14:54:02","slug":"caminhao-com-alerta-de-furto-e-roubo-e-recuperado-em-paula-freitas","status":"publish","type":"post","link":"https:\/\/radiostudiow.com.br\/site\/2021\/07\/01\/caminhao-com-alerta-de-furto-e-roubo-e-recuperado-em-paula-freitas\/","title":{"rendered":"Caminh\u00e3o com alerta de furto e roubo \u00e9 recuperado em Paula Freitas"},"content":{"rendered":"\n<p>A Pol\u00edcia Militar da cidade de Uni\u00e3o da Vit\u00f3ria, atrav\u00e9s de den\u00fancia via Copom, localizou um caminh\u00e3o que estava com alerta de furto e roubo. O ve\u00edculo foi encontrado em um posto de combust\u00edvel na rodovia BR-476, na cidade de Paula Freitas.<\/p>\n\n\n\n<p>De acordo com informa\u00e7\u00f5es do relat\u00f3rio policial, a situa\u00e7\u00e3o aconteceu no final da tarde dessa quarta-feira, 30 de junho, por volta da 18 horas e o modelo do caminh\u00e3o n\u00e3o foi divulgado para a imprensa.<\/p>\n\n\n\n<p>Depois de receber a den\u00fancia, a equipe policial foi at\u00e9 o local e encontrou o caminh\u00e3o de posse de um homem, o qual alegou n\u00e3o saber sobre o alerta de furto e ainda disse que o caso poderia ter ocorrido devido ao antigo motorista ter desaparecido. Diante da situa\u00e7\u00e3o, ele foi conduzido at\u00e9 a delegacia, juntamente com o caminh\u00e3o.<\/p>\n\n\n\n<figure class=\"wp-block-image size-large\"><img decoding=\"async\" src=\"https:\/\/radiostudiow.com.br\/site\/wp-content\/uploads\/2021\/02\/WRNET.jpg\" alt=\"\" class=\"wp-image-662\"\/><\/figure>\n","protected":false},"excerpt":{"rendered":"<p>A Pol\u00edcia Militar da cidade de Uni\u00e3o da Vit\u00f3ria, atrav\u00e9s de den\u00fancia via Copom, localizou um caminh\u00e3o que estava com alerta de furto e roubo. O ve\u00edculo foi encontrado em um posto de combust\u00edvel na rodovia BR-476, na cidade de Paula Freitas. De acordo com informa\u00e7\u00f5es do relat\u00f3rio policial, a situa\u00e7\u00e3o aconteceu no final da [&hellip;]<\/p>\n","protected":false},"author":2,"featured_media":0,"comment_status":"open","ping_status":"open","sticky":false,"template":"","format":"standard","meta":{"footnotes":""},"categories":[2,185],"tags":[172],"class_list":["post-2709","post","type-post","status-publish","format-standard","hentry","category-policial","category-regional","tag-featured"],"amp_enabled":true,"_links":{"self":[{"href":"https:\/\/radiostudiow.com.br\/site\/wp-json\/wp\/v2\/posts\/2709","targetHints":{"allow":["GET"]}}],"collection":[{"href":"https:\/\/radiostudiow.com.br\/site\/wp-json\/wp\/v2\/posts"}],"about":[{"href":"https:\/\/radiostudiow.com.br\/site\/wp-json\/wp\/v2\/types\/post"}],"author":[{"embeddable":true,"href":"https:\/\/radiostudiow.com.br\/site\/wp-json\/wp\/v2\/users\/2"}],"replies":[{"embeddable":true,"href":"https:\/\/radiostudiow.com.br\/site\/wp-json\/wp\/v2\/comments?post=2709"}],"version-history":[{"count":1,"href":"https:\/\/radiostudiow.com.br\/site\/wp-json\/wp\/v2\/posts\/2709\/revisions"}],"predecessor-version":[{"id":2710,"href":"https:\/\/radiostudiow.com.br\/site\/wp-json\/wp\/v2\/posts\/2709\/revisions\/2710"}],"wp:attachment":[{"href":"https:\/\/radiostudiow.com.br\/site\/wp-json\/wp\/v2\/media?parent=2709"}],"wp:term":[{"taxonomy":"category","embeddable":true,"href":"https:\/\/radiostudiow.com.br\/site\/wp-json\/wp\/v2\/categories?post=2709"},{"taxonomy":"post_tag","embeddable":true,"href":"https:\/\/radiostudiow.com.br\/site\/wp-json\/wp\/v2\/tags?post=2709"}],"curies":[{"name":"wp","href":"https:\/\/api.w.org\/{rel}","templated":true}]}}