{"id":2714,"date":"2021-07-02T10:21:31","date_gmt":"2021-07-02T13:21:31","guid":{"rendered":"https:\/\/radiostudiow.com.br\/site\/?p=2714"},"modified":"2025-01-15T11:54:06","modified_gmt":"2025-01-15T14:54:06","slug":"senhora-de-76-anos-perde-a-vida-em-acidente-grave-na-antonio-cavalim-em-irati","status":"publish","type":"post","link":"https:\/\/radiostudiow.com.br\/site\/2021\/07\/02\/senhora-de-76-anos-perde-a-vida-em-acidente-grave-na-antonio-cavalim-em-irati\/","title":{"rendered":"Senhora de 76 anos perde a vida em acidente grave na Ant\u00f4nio Cavalim em Irati"},"content":{"rendered":"\n<p>A Policia Militar de Irati atendeu uma situa\u00e7\u00e3o de atropelamento no final da tarde de quinta-feira (01) na rua Ant\u00f4nio Cavalim, centro de Irati.<\/p>\n\n\n\n<p>Segundo informa\u00e7\u00f5es, um BMW de cor preta e dirigido por um homem de 32 anos transitava na rua do lado direito, quando avistou uma pessoa que n\u00e3o foi poss\u00edvel identificar, atravessando fora da faixa de pedestres e ao desviar da mesma, perdeu o controle da dire\u00e7\u00e3o, invadiu a pista do lado esquerdo, colidiu na traseira de um Fox de cor prata que estava regularmente estacionado, subiu na cal\u00e7ada e atropelou uma pedestre de 76 anos (Elizabeth Beraldo) que transitava ali e foi projetada adiante.<\/p>\n\n\n\n<p>A v\u00edtima foi socorrida pelo Siate e encaminhada para a Santa Casa de Irati, n\u00e3o resistindo aos ferimentos, vindo \u00e0 \u00f3bito.  O teste do etil\u00f4metro apontou resultado negativo no condutor da BMW.<\/p>\n\n\n\n<p>O ve\u00edculo e o condutor foram encaminhados para a Delegacia de Pol\u00edcia de Irati para os procedimentos da Pol\u00edcia Judici\u00e1ria.<\/p>\n\n\n\n<p>O ve\u00edculo Fox sofreu danos materiais e foi liberado no local para o respons\u00e1vel.<\/p>\n\n\n\n<figure class=\"wp-block-image size-large\"><img decoding=\"async\" src=\"https:\/\/radiostudiow.com.br\/site\/wp-content\/uploads\/2021\/02\/vem_ai.jpg\" alt=\"\" class=\"wp-image-667\"\/><\/figure>\n\n\n\n<p>Portal Irati \/ Informa\u00e7\u00f5es: PM de Irati \/ Foto: Whatsapp<\/p>\n","protected":false},"excerpt":{"rendered":"<p>A Policia Militar de Irati atendeu uma situa\u00e7\u00e3o de atropelamento no final da tarde de quinta-feira (01) na rua Ant\u00f4nio Cavalim, centro de Irati. Segundo informa\u00e7\u00f5es, um BMW de cor preta e dirigido por um homem de 32 anos transitava na rua do lado direito, quando avistou uma pessoa que n\u00e3o foi poss\u00edvel identificar, atravessando [&hellip;]<\/p>\n","protected":false},"author":2,"featured_media":0,"comment_status":"open","ping_status":"open","sticky":false,"template":"","format":"standard","meta":{"footnotes":""},"categories":[185],"tags":[172],"class_list":["post-2714","post","type-post","status-publish","format-standard","hentry","category-regional","tag-featured"],"amp_enabled":true,"_links":{"self":[{"href":"https:\/\/radiostudiow.com.br\/site\/wp-json\/wp\/v2\/posts\/2714","targetHints":{"allow":["GET"]}}],"collection":[{"href":"https:\/\/radiostudiow.com.br\/site\/wp-json\/wp\/v2\/posts"}],"about":[{"href":"https:\/\/radiostudiow.com.br\/site\/wp-json\/wp\/v2\/types\/post"}],"author":[{"embeddable":true,"href":"https:\/\/radiostudiow.com.br\/site\/wp-json\/wp\/v2\/users\/2"}],"replies":[{"embeddable":true,"href":"https:\/\/radiostudiow.com.br\/site\/wp-json\/wp\/v2\/comments?post=2714"}],"version-history":[{"count":1,"href":"https:\/\/radiostudiow.com.br\/site\/wp-json\/wp\/v2\/posts\/2714\/revisions"}],"predecessor-version":[{"id":2716,"href":"https:\/\/radiostudiow.com.br\/site\/wp-json\/wp\/v2\/posts\/2714\/revisions\/2716"}],"wp:attachment":[{"href":"https:\/\/radiostudiow.com.br\/site\/wp-json\/wp\/v2\/media?parent=2714"}],"wp:term":[{"taxonomy":"category","embeddable":true,"href":"https:\/\/radiostudiow.com.br\/site\/wp-json\/wp\/v2\/categories?post=2714"},{"taxonomy":"post_tag","embeddable":true,"href":"https:\/\/radiostudiow.com.br\/site\/wp-json\/wp\/v2\/tags?post=2714"}],"curies":[{"name":"wp","href":"https:\/\/api.w.org\/{rel}","templated":true}]}}