{"id":27155,"date":"2024-09-09T18:57:24","date_gmt":"2024-09-09T21:57:24","guid":{"rendered":"https:\/\/radiostudiow.com.br\/site\/?p=27155"},"modified":"2025-01-31T14:58:29","modified_gmt":"2025-01-31T17:58:29","slug":"pm-de-rio-azul-prende-autor-de-furto-de-veiculo","status":"publish","type":"post","link":"https:\/\/radiostudiow.com.br\/site\/2024\/09\/09\/pm-de-rio-azul-prende-autor-de-furto-de-veiculo\/","title":{"rendered":"PM de Rio Azul prende autor de furto de ve\u00edculo"},"content":{"rendered":"\n<p>A equipe da Pol\u00edcia Militar de Rio Azul prendeu um homem que furtou um ve\u00edculo Gol na noite de s\u00e1bado. O propriet\u00e1rio afirmou que deu carona para um conhecido, que cometeu o furto.<\/p>\n\n\n\n<figure class=\"wp-block-image size-full\"><img decoding=\"async\" src=\"https:\/\/radiostudiow.com.br\/site\/wp-content\/uploads\/2024\/04\/SITE-MEDIO.png\" alt=\"\" class=\"wp-image-21854\"\/><\/figure>\n\n\n\n<p>Ap\u00f3s o motorista descer em frente de uma lanchonete, o passageiro saiu com o carro. Cerca de 40 minutos ap\u00f3s o furto, a PM abordou o autor transitando com o Gol. O dono do ve\u00edculo confirmou que ele havia cometido o furto. Por isso, ele foi detido e conduzido para a Delegacia de Irati.<\/p>\n","protected":false},"excerpt":{"rendered":"<p>A equipe da Pol\u00edcia Militar de Rio Azul prendeu um homem que furtou um ve\u00edculo Gol na noite de s\u00e1bado. O propriet\u00e1rio afirmou que deu carona para um conhecido, que cometeu o furto. Ap\u00f3s o motorista descer em frente de uma lanchonete, o passageiro saiu com o carro. Cerca de 40 minutos ap\u00f3s o furto, [&hellip;]<\/p>\n","protected":false},"author":2,"featured_media":27156,"comment_status":"open","ping_status":"open","sticky":false,"template":"","format":"standard","meta":{"footnotes":""},"categories":[2],"tags":[172],"class_list":["post-27155","post","type-post","status-publish","format-standard","has-post-thumbnail","hentry","category-policial","tag-featured"],"amp_enabled":true,"_links":{"self":[{"href":"https:\/\/radiostudiow.com.br\/site\/wp-json\/wp\/v2\/posts\/27155","targetHints":{"allow":["GET"]}}],"collection":[{"href":"https:\/\/radiostudiow.com.br\/site\/wp-json\/wp\/v2\/posts"}],"about":[{"href":"https:\/\/radiostudiow.com.br\/site\/wp-json\/wp\/v2\/types\/post"}],"author":[{"embeddable":true,"href":"https:\/\/radiostudiow.com.br\/site\/wp-json\/wp\/v2\/users\/2"}],"replies":[{"embeddable":true,"href":"https:\/\/radiostudiow.com.br\/site\/wp-json\/wp\/v2\/comments?post=27155"}],"version-history":[{"count":3,"href":"https:\/\/radiostudiow.com.br\/site\/wp-json\/wp\/v2\/posts\/27155\/revisions"}],"predecessor-version":[{"id":27200,"href":"https:\/\/radiostudiow.com.br\/site\/wp-json\/wp\/v2\/posts\/27155\/revisions\/27200"}],"wp:featuredmedia":[{"embeddable":true,"href":"https:\/\/radiostudiow.com.br\/site\/wp-json\/wp\/v2\/media\/27156"}],"wp:attachment":[{"href":"https:\/\/radiostudiow.com.br\/site\/wp-json\/wp\/v2\/media?parent=27155"}],"wp:term":[{"taxonomy":"category","embeddable":true,"href":"https:\/\/radiostudiow.com.br\/site\/wp-json\/wp\/v2\/categories?post=27155"},{"taxonomy":"post_tag","embeddable":true,"href":"https:\/\/radiostudiow.com.br\/site\/wp-json\/wp\/v2\/tags?post=27155"}],"curies":[{"name":"wp","href":"https:\/\/api.w.org\/{rel}","templated":true}]}}