{"id":27189,"date":"2024-09-09T18:33:04","date_gmt":"2024-09-09T21:33:04","guid":{"rendered":"https:\/\/radiostudiow.com.br\/site\/?p=27189"},"modified":"2025-01-31T14:58:29","modified_gmt":"2025-01-31T17:58:29","slug":"nota-parana-libera-r-277-milhoes-em-creditos-de-icms-nesta-terca-feira","status":"publish","type":"post","link":"https:\/\/radiostudiow.com.br\/site\/2024\/09\/09\/nota-parana-libera-r-277-milhoes-em-creditos-de-icms-nesta-terca-feira\/","title":{"rendered":"Nota Paran\u00e1 libera R$ 27,7 milh\u00f5es em cr\u00e9ditos de ICMS nesta ter\u00e7a-feira (10)"},"content":{"rendered":"\n<p>O Nota Paran\u00e1, programa do Governo do Estado executado pela Secretaria da Fazenda, vai liberar um total de R$ 27,7 milh\u00f5es em cr\u00e9ditos de ICMS nesta ter\u00e7a-feira (10). O valor ser\u00e1 distribu\u00eddo entre aproximadamente 10,47 milh\u00f5es de consumidores que inseriram o CPF na nota fiscal de compras no com\u00e9rcio, com os cr\u00e9ditos sendo destinados diretamente nas contas dos usu\u00e1rios cadastrados no programa.<\/p>\n\n\n\n<figure class=\"wp-block-image size-full\"><img loading=\"lazy\" decoding=\"async\" width=\"598\" height=\"204\" src=\"https:\/\/radiostudiow.com.br\/site\/wp-content\/uploads\/2024\/04\/image-39.png\" alt=\"\" class=\"wp-image-21311\" srcset=\"https:\/\/radiostudiow.com.br\/site\/wp-content\/uploads\/2024\/04\/image-39.png 598w, https:\/\/radiostudiow.com.br\/site\/wp-content\/uploads\/2024\/04\/image-39-300x102.png 300w\" sizes=\"auto, (max-width: 598px) 100vw, 598px\" \/><\/figure>\n\n\n\n<p>Os cr\u00e9ditos de ICMS devolvidos s\u00e3o referentes \u00e0s compras realizadas no m\u00eas de junho, per\u00edodo em que foram emitidas 68,6 milh\u00f5es de notas fiscais. O c\u00e1lculo dos cr\u00e9ditos considera o faturamento das empresas, o volume de compras e o recolhimento efetivo do imposto.<\/p>\n\n\n\n<p>Do montante total liberado, R$ 24,7 milh\u00f5es ser\u00e3o destinados a pessoas f\u00edsicas, enquanto R$ 3 milh\u00f5es ir\u00e3o para organiza\u00e7\u00f5es sociais que participam do Nota Paran\u00e1 atrav\u00e9s da doa\u00e7\u00e3o de notas fiscais.<\/p>\n\n\n\n<p><strong>COMO ACESSAR<\/strong><\/p>\n\n\n\n<p>Os consumidores podem acessar os valores pelo&nbsp;<strong><a href=\"https:\/\/www.notaparana.pr.gov.br\/\" target=\"_blank\" rel=\"noreferrer noopener\">site do Nota Paran\u00e1<\/a>&nbsp;<\/strong>ou aplicativo&nbsp;dispon\u00edvel para dispositivos&nbsp;<a href=\"https:\/\/play.google.com\/store\/apps\/details?id=br.gov.pr.celepar.sefa.nfparana&amp;hl=pt_BR&amp;gl=US\" target=\"_blank\" rel=\"noreferrer noopener\"><strong>Android<\/strong>&nbsp;<\/a>e&nbsp;<strong><a href=\"https:\/\/apps.apple.com\/br\/app\/nota-paran%C3%A1\/id1042090067\" target=\"_blank\" rel=\"noreferrer noopener\">iOS<\/a><\/strong>. A partir dessas plataformas, \u00e9 poss\u00edvel transferir os cr\u00e9ditos para as contas banc\u00e1rias cadastradas no programa.<\/p>\n\n\n\n<figure class=\"wp-block-image size-full\"><img decoding=\"async\" src=\"https:\/\/radiostudiow.com.br\/site\/wp-content\/uploads\/2024\/04\/image-58.png\" alt=\"\" class=\"wp-image-21416\"\/><\/figure>\n\n\n\n<p><strong>COMO PARTICIPAR&nbsp;<\/strong><\/p>\n\n\n\n<p>Para participar do Nota Paran\u00e1, basta se cadastrar no site oficial do programa. O processo \u00e9 simples e r\u00e1pido: clique em \u201ccadastre-se\u201d e preencha os dados pessoais, como CPF, data de nascimento, nome completo, CEP e endere\u00e7o. Ap\u00f3s o cadastro, uma senha pessoal ser\u00e1 criada para acesso ao sistema.<\/p>\n","protected":false},"excerpt":{"rendered":"<p>O Nota Paran\u00e1, programa do Governo do Estado executado pela Secretaria da Fazenda, vai liberar um total de R$ 27,7 milh\u00f5es em cr\u00e9ditos de ICMS nesta ter\u00e7a-feira (10). O valor ser\u00e1 distribu\u00eddo entre aproximadamente 10,47 milh\u00f5es de consumidores que inseriram o CPF na nota fiscal de compras no com\u00e9rcio, com os cr\u00e9ditos sendo destinados diretamente [&hellip;]<\/p>\n","protected":false},"author":2,"featured_media":27190,"comment_status":"open","ping_status":"open","sticky":false,"template":"","format":"standard","meta":{"footnotes":""},"categories":[7],"tags":[172],"class_list":["post-27189","post","type-post","status-publish","format-standard","has-post-thumbnail","hentry","category-geral","tag-featured"],"amp_enabled":true,"_links":{"self":[{"href":"https:\/\/radiostudiow.com.br\/site\/wp-json\/wp\/v2\/posts\/27189","targetHints":{"allow":["GET"]}}],"collection":[{"href":"https:\/\/radiostudiow.com.br\/site\/wp-json\/wp\/v2\/posts"}],"about":[{"href":"https:\/\/radiostudiow.com.br\/site\/wp-json\/wp\/v2\/types\/post"}],"author":[{"embeddable":true,"href":"https:\/\/radiostudiow.com.br\/site\/wp-json\/wp\/v2\/users\/2"}],"replies":[{"embeddable":true,"href":"https:\/\/radiostudiow.com.br\/site\/wp-json\/wp\/v2\/comments?post=27189"}],"version-history":[{"count":2,"href":"https:\/\/radiostudiow.com.br\/site\/wp-json\/wp\/v2\/posts\/27189\/revisions"}],"predecessor-version":[{"id":27192,"href":"https:\/\/radiostudiow.com.br\/site\/wp-json\/wp\/v2\/posts\/27189\/revisions\/27192"}],"wp:featuredmedia":[{"embeddable":true,"href":"https:\/\/radiostudiow.com.br\/site\/wp-json\/wp\/v2\/media\/27190"}],"wp:attachment":[{"href":"https:\/\/radiostudiow.com.br\/site\/wp-json\/wp\/v2\/media?parent=27189"}],"wp:term":[{"taxonomy":"category","embeddable":true,"href":"https:\/\/radiostudiow.com.br\/site\/wp-json\/wp\/v2\/categories?post=27189"},{"taxonomy":"post_tag","embeddable":true,"href":"https:\/\/radiostudiow.com.br\/site\/wp-json\/wp\/v2\/tags?post=27189"}],"curies":[{"name":"wp","href":"https:\/\/api.w.org\/{rel}","templated":true}]}}