{"id":27201,"date":"2024-09-09T19:01:57","date_gmt":"2024-09-09T22:01:57","guid":{"rendered":"https:\/\/radiostudiow.com.br\/site\/?p=27201"},"modified":"2025-01-31T14:58:29","modified_gmt":"2025-01-31T17:58:29","slug":"parana-registra-aumento-de-123-no-emplacamento-de-veiculos-novos-em-2024","status":"publish","type":"post","link":"https:\/\/radiostudiow.com.br\/site\/2024\/09\/09\/parana-registra-aumento-de-123-no-emplacamento-de-veiculos-novos-em-2024\/","title":{"rendered":"Paran\u00e1 registra aumento de 12,3% no emplacamento de ve\u00edculos novos em 2024"},"content":{"rendered":"\n<p>Para o Detran-PR, melhoria do cen\u00e1rio econ\u00f4mico do Estado se reflete em mais ve\u00edculos novos circulando pelo Paran\u00e1. De janeiro a julho de 2023, foram emplacados 130.267 ve\u00edculos, enquanto no mesmo per\u00edodo de 2024 foram emplacados 146.334.<\/p>\n\n\n\n<figure class=\"wp-block-image size-full\"><img decoding=\"async\" src=\"https:\/\/radiostudiow.com.br\/site\/wp-content\/uploads\/2024\/04\/image-47.png\" alt=\"\" class=\"wp-image-21404\"\/><\/figure>\n\n\n\n<p>O Paran\u00e1 teve um aumento significativo no n\u00famero de emplacamentos de ve\u00edculos novos em 2024. De acordo com dados do Departamento de Tr\u00e2nsito do Paran\u00e1 (Detran-PR), houve um crescimento de 12,3% ao comparar o acumulado de janeiro a julho de 2023 com o mesmo per\u00edodo de 2024.&nbsp;Nos sete primeiros meses de 2023, foram emplacados 130.267 ve\u00edculos, enquanto no mesmo per\u00edodo de 2024 foram emplacados 146.334.<\/p>\n\n\n\n<p>O m\u00eas com o maior crescimento foi abril, com aumento de 38,02%. Fevereiro tamb\u00e9m registrou um crescimento expressivo de 26,23%, seguido por julho, que apresentou uma alta de 20,51%.<\/p>\n\n\n\n<p>Comparando os emplacamentos de ve\u00edculos de 2023 com 2024, observam-se as seguintes varia\u00e7\u00f5es: janeiro, 16.926 (2023) e 19.115 (2024); fevereiro, 14.542 (2023) e 18.360 (2024); mar\u00e7o, 22.492 (2023) e 19.585 (2024); abril, 17.305 (2023) e 23.890 (2024); maio, 19.442 (2023) e 21.291 (2024)j unho, 19.983 (2023) e 20.505 (2024); e julho, 19.577 (2023) e 23.588 (2024).<\/p>\n\n\n\n<figure class=\"wp-block-image size-full\"><img loading=\"lazy\" decoding=\"async\" width=\"897\" height=\"204\" src=\"https:\/\/radiostudiow.com.br\/site\/wp-content\/uploads\/2024\/08\/TIJOLAO.png\" alt=\"\" class=\"wp-image-25951\" srcset=\"https:\/\/radiostudiow.com.br\/site\/wp-content\/uploads\/2024\/08\/TIJOLAO.png 897w, https:\/\/radiostudiow.com.br\/site\/wp-content\/uploads\/2024\/08\/TIJOLAO-300x68.png 300w, https:\/\/radiostudiow.com.br\/site\/wp-content\/uploads\/2024\/08\/TIJOLAO-768x175.png 768w\" sizes=\"auto, (max-width: 897px) 100vw, 897px\" \/><\/figure>\n\n\n\n<p>De acordo com o coordenador de Ve\u00edculos do Detran-PR, Ant\u00f4nio Paim,&nbsp;o aumento da frota de ve\u00edculos no Estado do Paran\u00e1 pode ser atribu\u00eddo por uma s\u00e9rie de fatores econ\u00f4micos, sociais e estruturais que, em conjunto, t\u00eam impulsionado o n\u00famero de autom\u00f3veis, motocicletas, caminh\u00f5es e outros ve\u00edculos em circula\u00e7\u00e3o.<\/p>\n\n\n\n<p><strong><em>&#8220;Certamente a melhoria das condi\u00e7\u00f5es econ\u00f4micas do Estado, com uma alta de 8,37% no volume de atividade econ\u00f4mica em junho de 2024 em compara\u00e7\u00e3o a igual per\u00edodo de 2023, tem favorecido a compra de ve\u00edculos novos e usados\u201d, ressaltou.<\/em><\/strong><\/p>\n","protected":false},"excerpt":{"rendered":"<p>Para o Detran-PR, melhoria do cen\u00e1rio econ\u00f4mico do Estado se reflete em mais ve\u00edculos novos circulando pelo Paran\u00e1. De janeiro a julho de 2023, foram emplacados 130.267 ve\u00edculos, enquanto no mesmo per\u00edodo de 2024 foram emplacados 146.334. O Paran\u00e1 teve um aumento significativo no n\u00famero de emplacamentos de ve\u00edculos novos em 2024. De acordo com [&hellip;]<\/p>\n","protected":false},"author":2,"featured_media":27202,"comment_status":"open","ping_status":"open","sticky":false,"template":"","format":"standard","meta":{"footnotes":""},"categories":[7],"tags":[172],"class_list":["post-27201","post","type-post","status-publish","format-standard","has-post-thumbnail","hentry","category-geral","tag-featured"],"amp_enabled":true,"_links":{"self":[{"href":"https:\/\/radiostudiow.com.br\/site\/wp-json\/wp\/v2\/posts\/27201","targetHints":{"allow":["GET"]}}],"collection":[{"href":"https:\/\/radiostudiow.com.br\/site\/wp-json\/wp\/v2\/posts"}],"about":[{"href":"https:\/\/radiostudiow.com.br\/site\/wp-json\/wp\/v2\/types\/post"}],"author":[{"embeddable":true,"href":"https:\/\/radiostudiow.com.br\/site\/wp-json\/wp\/v2\/users\/2"}],"replies":[{"embeddable":true,"href":"https:\/\/radiostudiow.com.br\/site\/wp-json\/wp\/v2\/comments?post=27201"}],"version-history":[{"count":1,"href":"https:\/\/radiostudiow.com.br\/site\/wp-json\/wp\/v2\/posts\/27201\/revisions"}],"predecessor-version":[{"id":27203,"href":"https:\/\/radiostudiow.com.br\/site\/wp-json\/wp\/v2\/posts\/27201\/revisions\/27203"}],"wp:featuredmedia":[{"embeddable":true,"href":"https:\/\/radiostudiow.com.br\/site\/wp-json\/wp\/v2\/media\/27202"}],"wp:attachment":[{"href":"https:\/\/radiostudiow.com.br\/site\/wp-json\/wp\/v2\/media?parent=27201"}],"wp:term":[{"taxonomy":"category","embeddable":true,"href":"https:\/\/radiostudiow.com.br\/site\/wp-json\/wp\/v2\/categories?post=27201"},{"taxonomy":"post_tag","embeddable":true,"href":"https:\/\/radiostudiow.com.br\/site\/wp-json\/wp\/v2\/tags?post=27201"}],"curies":[{"name":"wp","href":"https:\/\/api.w.org\/{rel}","templated":true}]}}