{"id":2721,"date":"2021-07-02T16:44:30","date_gmt":"2021-07-02T19:44:30","guid":{"rendered":"https:\/\/radiostudiow.com.br\/site\/?p=2721"},"modified":"2025-01-15T11:54:10","modified_gmt":"2025-01-15T14:54:10","slug":"deposito-de-empresa-e-assaltada-no-centro-de-uniao-da-vitoria-vitimas-foram-amarradas","status":"publish","type":"post","link":"https:\/\/radiostudiow.com.br\/site\/2021\/07\/02\/deposito-de-empresa-e-assaltada-no-centro-de-uniao-da-vitoria-vitimas-foram-amarradas\/","title":{"rendered":"Dep\u00f3sito de empresa \u00e9 assaltada no centro de Uni\u00e3o da Vit\u00f3ria. V\u00edtimas foram amarradas"},"content":{"rendered":"\n<p>Um assalto a m\u00e3o armada na rua Professora Amazilia, \u00e1rea central de Uni\u00e3o da Vit\u00f3ria mobilizou equipes de Pol\u00edcia do Vale do Igua\u00e7u na manh\u00e3 desta sexta-feira, dia 02 de julho, por volta das 11:15 horas. Na situa\u00e7\u00e3o, as v\u00edtimas foram agredidas e amarradas.<\/p>\n\n\n\n<p>Na situa\u00e7\u00e3o, elementos bateram no port\u00e3o frontal, o qual estava fechado e ofereceram seus servi\u00e7os.<\/p>\n\n\n\n<p>Quando o propriet\u00e1rio abriu, foi surpreendido pelos assaltantes que estavam armados com rev\u00f3lver. Utilizando de viol\u00eancia, os assaltantes agrediram as v\u00edtimas e amarraram, roubando um cofre e um ve\u00edculo Ford\/Ranger de cor azul com adesivos da empresa nas laterais, fugindo sentido ignorado.<\/p>\n\n\n\n<p>Logo ap\u00f3s a sa\u00edda dos assaltantes as v\u00edtimas, mesmo em estado de choque, conseguiram acionar a Pol\u00edcia repassando o caso. Foram iniciadas buscas com apoio de equipes policiais de Porto Uni\u00e3o e at\u00e9 o momento n\u00e3o houve nenhum informa\u00e7\u00e3o de captura.<\/p>\n\n\n\n<figure class=\"wp-block-image size-large\"><img decoding=\"async\" src=\"https:\/\/radiostudiow.com.br\/site\/wp-content\/uploads\/2021\/05\/SICREDI.jpg\" alt=\"\" class=\"wp-image-2223\"\/><\/figure>\n","protected":false},"excerpt":{"rendered":"<p>Um assalto a m\u00e3o armada na rua Professora Amazilia, \u00e1rea central de Uni\u00e3o da Vit\u00f3ria mobilizou equipes de Pol\u00edcia do Vale do Igua\u00e7u na manh\u00e3 desta sexta-feira, dia 02 de julho, por volta das 11:15 horas. Na situa\u00e7\u00e3o, as v\u00edtimas foram agredidas e amarradas. Na situa\u00e7\u00e3o, elementos bateram no port\u00e3o frontal, o qual estava fechado [&hellip;]<\/p>\n","protected":false},"author":2,"featured_media":2002,"comment_status":"open","ping_status":"open","sticky":false,"template":"","format":"standard","meta":{"footnotes":""},"categories":[2],"tags":[172],"class_list":["post-2721","post","type-post","status-publish","format-standard","has-post-thumbnail","hentry","category-policial","tag-featured"],"amp_enabled":true,"_links":{"self":[{"href":"https:\/\/radiostudiow.com.br\/site\/wp-json\/wp\/v2\/posts\/2721","targetHints":{"allow":["GET"]}}],"collection":[{"href":"https:\/\/radiostudiow.com.br\/site\/wp-json\/wp\/v2\/posts"}],"about":[{"href":"https:\/\/radiostudiow.com.br\/site\/wp-json\/wp\/v2\/types\/post"}],"author":[{"embeddable":true,"href":"https:\/\/radiostudiow.com.br\/site\/wp-json\/wp\/v2\/users\/2"}],"replies":[{"embeddable":true,"href":"https:\/\/radiostudiow.com.br\/site\/wp-json\/wp\/v2\/comments?post=2721"}],"version-history":[{"count":1,"href":"https:\/\/radiostudiow.com.br\/site\/wp-json\/wp\/v2\/posts\/2721\/revisions"}],"predecessor-version":[{"id":2722,"href":"https:\/\/radiostudiow.com.br\/site\/wp-json\/wp\/v2\/posts\/2721\/revisions\/2722"}],"wp:featuredmedia":[{"embeddable":true,"href":"https:\/\/radiostudiow.com.br\/site\/wp-json\/wp\/v2\/media\/2002"}],"wp:attachment":[{"href":"https:\/\/radiostudiow.com.br\/site\/wp-json\/wp\/v2\/media?parent=2721"}],"wp:term":[{"taxonomy":"category","embeddable":true,"href":"https:\/\/radiostudiow.com.br\/site\/wp-json\/wp\/v2\/categories?post=2721"},{"taxonomy":"post_tag","embeddable":true,"href":"https:\/\/radiostudiow.com.br\/site\/wp-json\/wp\/v2\/tags?post=2721"}],"curies":[{"name":"wp","href":"https:\/\/api.w.org\/{rel}","templated":true}]}}