{"id":27212,"date":"2024-09-10T18:17:01","date_gmt":"2024-09-10T21:17:01","guid":{"rendered":"https:\/\/radiostudiow.com.br\/site\/?p=27212"},"modified":"2025-01-31T14:58:29","modified_gmt":"2025-01-31T17:58:29","slug":"setembro-amarelo-2024-campanha-reforca-a-importancia-de-pedir-ajuda-e-salvar-vidas","status":"publish","type":"post","link":"https:\/\/radiostudiow.com.br\/site\/2024\/09\/10\/setembro-amarelo-2024-campanha-reforca-a-importancia-de-pedir-ajuda-e-salvar-vidas\/","title":{"rendered":"Setembro Amarelo 2024: Campanha refor\u00e7a a import\u00e2ncia de pedir ajuda e salvar vidas"},"content":{"rendered":"\n<p>Em 2013, Ant\u00f4nio Geraldo da Silva, presidente da Associa\u00e7\u00e3o Brasileira de Psiquiatria (ABP), deu visibilidade nacional \u00e0 campanha internacional Setembro Amarelo\u00ae. Desde 2014, a ABP, em parceria com o CFM, tem promovido a campanha no Brasil, atraindo cada vez mais parceiros.<\/p>\n\n\n\n<div class=\"wp-block-media-text is-stacked-on-mobile\"><figure class=\"wp-block-media-text__media\"><img loading=\"lazy\" decoding=\"async\" width=\"1024\" height=\"1024\" src=\"https:\/\/radiostudiow.com.br\/site\/wp-content\/uploads\/2024\/09\/690b1c42-a17e-4595-a3c1-289cc5992fde-1024x1024.jpeg\" alt=\"\" class=\"wp-image-27227 size-full\" srcset=\"https:\/\/radiostudiow.com.br\/site\/wp-content\/uploads\/2024\/09\/690b1c42-a17e-4595-a3c1-289cc5992fde-1024x1024.jpeg 1024w, https:\/\/radiostudiow.com.br\/site\/wp-content\/uploads\/2024\/09\/690b1c42-a17e-4595-a3c1-289cc5992fde-300x300.jpeg 300w, https:\/\/radiostudiow.com.br\/site\/wp-content\/uploads\/2024\/09\/690b1c42-a17e-4595-a3c1-289cc5992fde-768x768.jpeg 768w, https:\/\/radiostudiow.com.br\/site\/wp-content\/uploads\/2024\/09\/690b1c42-a17e-4595-a3c1-289cc5992fde-1536x1536.jpeg 1536w, https:\/\/radiostudiow.com.br\/site\/wp-content\/uploads\/2024\/09\/690b1c42-a17e-4595-a3c1-289cc5992fde-80x80.jpeg 80w, https:\/\/radiostudiow.com.br\/site\/wp-content\/uploads\/2024\/09\/690b1c42-a17e-4595-a3c1-289cc5992fde.jpeg 1600w\" sizes=\"auto, (max-width: 1024px) 100vw, 1024px\" \/><\/figure><div class=\"wp-block-media-text__content\">\n<p>Cuidar da sa\u00fade mental \u00e9 essencial para a verdadeira qualidade de vida.<\/p>\n\n\n\n<p>Viver vale a pena. A Labirati apoia essa campanha!<\/p>\n\n\n\n<p>\ud83d\udccdRua Major Estev\u00e3o &#8211; 208 &#8211; Centro &#8211; Mallet &#8211; PR &#8211; em frente a antiga prefeitura<br>\ud83d\udcde 42 99866-8578 | 42 3542-1001<\/p>\n<\/div><\/div>\n\n\n\n<p>O dia 10 de setembro \u00e9 oficialmente o Dia Mundial de Preven\u00e7\u00e3o ao Suic\u00eddio, mas a campanha ocorre ao longo do ano. Em 2024, o lema \u00e9 \u201cSe precisar, pe\u00e7a ajuda!\u201d, com v\u00e1rias a\u00e7\u00f5es j\u00e1 em andamento. A conscientiza\u00e7\u00e3o sobre a preven\u00e7\u00e3o do suic\u00eddio \u00e9 fundamental para quebrar tabus e incentivar as pessoas em crise a buscar ajuda.<\/p>\n\n\n\n<p><em>\u00c9 importante identificar sinais de que algu\u00e9m pode estar considerando suic\u00eddio. O comportamento de uma pessoa com idea\u00e7\u00e3o su\u00edcida pode ser identificado de diversas formas.<\/em><\/p>\n\n\n\n<p><strong><em>Veja os 7 principais sinais:<\/em><\/strong><\/p>\n\n\n\n<p><strong>1 \u2013 Pensamentos<\/strong><\/p>\n\n\n\n<p>Pensamentos remo\u00eddos obsessivamente, sem esperan\u00e7a e concentra\u00e7\u00e3o s\u00e3o um dos primeiros ind\u00edcios, assim como enxergar a vida como algo sem sentido ou prop\u00f3sito;<\/p>\n\n\n\n<p><strong>2 \u2013 Humor<\/strong><\/p>\n\n\n\n<p>Altera\u00e7\u00f5es extremas no humor podem sinalizar emo\u00e7\u00f5es suicidas. Excesso de raiva, sentimento de vingan\u00e7a, ansiedade, irritabilidade e sentimentos intensos de culpa ou vergonha s\u00e3o sinais aos quais voc\u00ea deve ficar atento;<\/p>\n\n\n\n<p><strong>3 \u2013 Avisos<\/strong><\/p>\n\n\n\n<p>Frases como \u201ca vida n\u00e3o vale a pena\u201d, \u201cestou t\u00e3o sozinho que queria morrer\u201d ou \u201cvoc\u00ea vai sentir a minha falta\u201d est\u00e3o diretamente ligadas a pensamentos sobre a morte. Se a pessoa se sente um fardo, busque ajuda;<\/p>\n\n\n\n<p><strong>4 \u2013 Melhora s\u00fabita<\/strong><\/p>\n\n\n\n<p>Geralmente a ideia de suic\u00eddio est\u00e1 ligada a um sentimento de que a pessoa est\u00e1 no fundo po\u00e7o. A felicidade s\u00fabita pode ser um sinal de que a pessoa j\u00e1 aceitou a decis\u00e3o de encerrar a pr\u00f3pria vida. Caso voc\u00ea perceba uma melhora repentina, busque ajuda imediatamente;<\/p>\n\n\n\n<p><strong>5 \u2013 Desapego<\/strong><\/p>\n\n\n\n<p>Caso voc\u00ea perceba que a pessoa est\u00e1 come\u00e7ando a \u201cfechar pontas soltas\u201d, doar seus pertences e at\u00e9 visitar v\u00e1rios entes queridos, fa\u00e7a uma interven\u00e7\u00e3o o mais r\u00e1pido poss\u00edvel;<\/p>\n\n\n\n<p><strong>6 \u2013 Irresponsabilidade<\/strong><\/p>\n\n\n\n<p>Comportamentos irrespons\u00e1veis e perigosos, sem medir as consequ\u00eancias, como o uso excessivo de \u00e1lcool e drogas, dire\u00e7\u00e3o imprudente e sexo sem prote\u00e7\u00e3o s\u00e3o ind\u00edcios de que a pessoa j\u00e1 n\u00e3o d\u00e1 a import\u00e2ncia devida a pr\u00f3pria vida;<\/p>\n\n\n\n<p><strong>7 \u2013 Mudan\u00e7a na rotina<\/strong><\/p>\n\n\n\n<p>Todo mundo tem um lugar que gosta de frequentar em especial, ent\u00e3o repare em mudan\u00e7as extremas na rotina. Caso a pessoa pare de ir a locais que sempre gostou de visitar, tome uma medida o mais r\u00e1pido poss\u00edvel. Abandonar atividades que lhe davam prazer \u00e9 um grande sinal de alerta.<\/p>\n\n\n\n<figure class=\"wp-block-image size-full\"><img loading=\"lazy\" decoding=\"async\" width=\"799\" height=\"378\" src=\"https:\/\/radiostudiow.com.br\/site\/wp-content\/uploads\/2024\/09\/02-1.jpeg\" alt=\"\" class=\"wp-image-27252\" srcset=\"https:\/\/radiostudiow.com.br\/site\/wp-content\/uploads\/2024\/09\/02-1.jpeg 799w, https:\/\/radiostudiow.com.br\/site\/wp-content\/uploads\/2024\/09\/02-1-300x142.jpeg 300w, https:\/\/radiostudiow.com.br\/site\/wp-content\/uploads\/2024\/09\/02-1-768x363.jpeg 768w\" sizes=\"auto, (max-width: 799px) 100vw, 799px\" \/><\/figure>\n\n\n\n<p>Se voc\u00ea identifica algum desses tipos de comportamento, busque ajuda imediatamente pelo telefone 141. Voc\u00ea pode conversar com algum volunt\u00e1rio, com respeito e anonimato sobre tudo o que for dito durante a chamada.<\/p>\n\n\n\n<p>O apoio de um ente querido tamb\u00e9m \u00e9 de muita ajuda. Converse, escute com paci\u00eancia, sem julgamentos, sem expor nenhum sentimento que fa\u00e7a a pessoa se sentir culpada e envergonhada. Seja direto e pergunte se a pessoa est\u00e1 com pensamentos suicidas. Por meio da resposta voc\u00ea pode obter um forte ind\u00edcio para buscar assist\u00eancia.<\/p>\n\n\n\n<p>Di\u00e1logos salvam vidas.<\/p>\n\n\n\n<p><strong>Fatores de risco para suic\u00eddio<\/strong><\/p>\n\n\n\n<p>&#8211; Embora n\u00e3o haja causas \u00fanicas que expliquem o suic\u00eddio, \u00e9 v\u00e1lido mencionar aquelas que s\u00e3o mais recorrentes, como:<\/p>\n\n\n\n<p>&#8211; Estresse social;<\/p>\n\n\n\n<p>&#8211; Perda de emprego;<\/p>\n\n\n\n<p>&#8211; Dificuldades financeiras (n\u00e3o \u00e0 toa, 75% dos pa\u00edses que registram suic\u00eddios s\u00e3o emergentes ou subdesenvolvidos);<\/p>\n\n\n\n<p>&#8211; Problemas de relacionamento;<\/p>\n\n\n\n<p>&#8211; Traumas, como abusos sexuais;<\/p>\n\n\n\n<p>&#8211; Depress\u00e3o;<\/p>\n\n\n\n<p>&#8211; Esquizofrenia;<\/p>\n\n\n\n<p>&#8211; Abuso de \u00e1lcool;<\/p>\n\n\n\n<p>&#8211; Baixa autoestima;<\/p>\n\n\n\n<p>&#8211; Sofrimento em rela\u00e7\u00e3o \u00e0 orienta\u00e7\u00e3o sexual;<\/p>\n\n\n\n<p>&#8211; Dificuldade de enfrentar problemas;<\/p>\n\n\n\n<p>&#8211; Doen\u00e7as e dores cr\u00f4nicas;<\/p>\n\n\n\n<p>&#8211; Acontecimentos destrutivos, como guerras e grandes conflitos.<\/p>\n\n\n\n<figure class=\"wp-block-image size-full\"><img loading=\"lazy\" decoding=\"async\" width=\"900\" height=\"408\" src=\"https:\/\/radiostudiow.com.br\/site\/wp-content\/uploads\/2024\/08\/image-64.png\" alt=\"\" class=\"wp-image-26531\" srcset=\"https:\/\/radiostudiow.com.br\/site\/wp-content\/uploads\/2024\/08\/image-64.png 900w, https:\/\/radiostudiow.com.br\/site\/wp-content\/uploads\/2024\/08\/image-64-300x136.png 300w, https:\/\/radiostudiow.com.br\/site\/wp-content\/uploads\/2024\/08\/image-64-768x348.png 768w\" sizes=\"auto, (max-width: 900px) 100vw, 900px\" \/><\/figure>\n\n\n\n<p>Esses fatores podem aparecer isoladamente e, em alguns casos, ainda, combinados. Al\u00e9m desses, o www.setembroamarelo.com \u00e9 o site oficial da campanha, e traz endere\u00e7os, profissionais capacitados, v\u00eddeos informativos e a cartilha \u201cComportamento suicida: conhecer para prevenir\u201d. <em><strong>Participe, divulgue e ajude a salvar vidas!<\/strong><\/em><\/p>\n","protected":false},"excerpt":{"rendered":"<p>Em 2013, Ant\u00f4nio Geraldo da Silva, presidente da Associa\u00e7\u00e3o Brasileira de Psiquiatria (ABP), deu visibilidade nacional \u00e0 campanha internacional Setembro Amarelo\u00ae. Desde 2014, a ABP, em parceria com o CFM, tem promovido a campanha no Brasil, atraindo cada vez mais parceiros. Cuidar da sa\u00fade mental \u00e9 essencial para a verdadeira qualidade de vida. Viver vale [&hellip;]<\/p>\n","protected":false},"author":2,"featured_media":27251,"comment_status":"open","ping_status":"open","sticky":false,"template":"","format":"standard","meta":{"footnotes":""},"categories":[7],"tags":[172],"class_list":["post-27212","post","type-post","status-publish","format-standard","has-post-thumbnail","hentry","category-geral","tag-featured"],"amp_enabled":true,"_links":{"self":[{"href":"https:\/\/radiostudiow.com.br\/site\/wp-json\/wp\/v2\/posts\/27212","targetHints":{"allow":["GET"]}}],"collection":[{"href":"https:\/\/radiostudiow.com.br\/site\/wp-json\/wp\/v2\/posts"}],"about":[{"href":"https:\/\/radiostudiow.com.br\/site\/wp-json\/wp\/v2\/types\/post"}],"author":[{"embeddable":true,"href":"https:\/\/radiostudiow.com.br\/site\/wp-json\/wp\/v2\/users\/2"}],"replies":[{"embeddable":true,"href":"https:\/\/radiostudiow.com.br\/site\/wp-json\/wp\/v2\/comments?post=27212"}],"version-history":[{"count":5,"href":"https:\/\/radiostudiow.com.br\/site\/wp-json\/wp\/v2\/posts\/27212\/revisions"}],"predecessor-version":[{"id":27253,"href":"https:\/\/radiostudiow.com.br\/site\/wp-json\/wp\/v2\/posts\/27212\/revisions\/27253"}],"wp:featuredmedia":[{"embeddable":true,"href":"https:\/\/radiostudiow.com.br\/site\/wp-json\/wp\/v2\/media\/27251"}],"wp:attachment":[{"href":"https:\/\/radiostudiow.com.br\/site\/wp-json\/wp\/v2\/media?parent=27212"}],"wp:term":[{"taxonomy":"category","embeddable":true,"href":"https:\/\/radiostudiow.com.br\/site\/wp-json\/wp\/v2\/categories?post=27212"},{"taxonomy":"post_tag","embeddable":true,"href":"https:\/\/radiostudiow.com.br\/site\/wp-json\/wp\/v2\/tags?post=27212"}],"curies":[{"name":"wp","href":"https:\/\/api.w.org\/{rel}","templated":true}]}}