{"id":27216,"date":"2024-09-11T09:19:13","date_gmt":"2024-09-11T12:19:13","guid":{"rendered":"https:\/\/radiostudiow.com.br\/site\/?p=27216"},"modified":"2025-01-31T14:58:29","modified_gmt":"2025-01-31T17:58:29","slug":"numero-de-incendios-em-inacio-martins-aumenta-com-focos-em-areas-urbanas-e-rurais","status":"publish","type":"post","link":"https:\/\/radiostudiow.com.br\/site\/2024\/09\/11\/numero-de-incendios-em-inacio-martins-aumenta-com-focos-em-areas-urbanas-e-rurais\/","title":{"rendered":"N\u00famero de inc\u00eandios em In\u00e1cio Martins aumenta com focos em \u00e1reas urbanas e rurais"},"content":{"rendered":"\n<p>Os inc\u00eandios ambientais em In\u00e1cio Martins, tanto em \u00e1reas urbanas quanto rurais, seguem preocupando a popula\u00e7\u00e3o local. A combina\u00e7\u00e3o da falta de chuvas e da vegeta\u00e7\u00e3o seca tem contribu\u00eddo para o aumento desses focos. Somente no \u00faltimo domingo (08), dois inc\u00eandios foram registrados, um na comunidade rural de G\u00f3es Artigas e outro em uma fazenda pertencente a uma empresa na regi\u00e3o pr\u00f3xima da estrada que leva \u00e0 comunidade de Cachoeira.<\/p>\n\n\n\n<figure class=\"wp-block-image size-full\"><img loading=\"lazy\" decoding=\"async\" width=\"598\" height=\"204\" src=\"https:\/\/radiostudiow.com.br\/site\/wp-content\/uploads\/2024\/09\/AFUBRA.png\" alt=\"\" class=\"wp-image-27135\" srcset=\"https:\/\/radiostudiow.com.br\/site\/wp-content\/uploads\/2024\/09\/AFUBRA.png 598w, https:\/\/radiostudiow.com.br\/site\/wp-content\/uploads\/2024\/09\/AFUBRA-300x102.png 300w\" sizes=\"auto, (max-width: 598px) 100vw, 598px\" \/><\/figure>\n\n\n\n<p>Nesta segunda-feira (09), novos inc\u00eandios foram reportados, incluindo um na Serra do Pinheir\u00e3o e outros de menor propor\u00e7\u00e3o em \u00e1reas urbanas, como nos bairros Curtume e Bela Vista. Os focos est\u00e3o sendo controlados com o aux\u00edlio de moradores, profissionais das empresas propriet\u00e1rias das \u00e1reas inc\u00eandiadas, o caminh\u00e3o pipa da Prefeitura Municipal e o Corpo de Bombeiros.<\/p>\n\n\n\n<p>De acordo com o Portal Comunique, solicitou um posicionamento oficial do Corpo de Bombeiros em rela\u00e7\u00e3o \u00e0s formas de preven\u00e7\u00e3o de inc\u00eandios ambientais e orienta\u00e7\u00f5es para a popula\u00e7\u00e3o, mas ainda n\u00e3o obteve respostas.<\/p>\n\n\n\n<figure class=\"wp-block-image size-large\"><img loading=\"lazy\" decoding=\"async\" width=\"1024\" height=\"714\" src=\"https:\/\/radiostudiow.com.br\/site\/wp-content\/uploads\/2024\/09\/04-1-1024x714.png\" alt=\"\" class=\"wp-image-27266\" srcset=\"https:\/\/radiostudiow.com.br\/site\/wp-content\/uploads\/2024\/09\/04-1-1024x714.png 1024w, https:\/\/radiostudiow.com.br\/site\/wp-content\/uploads\/2024\/09\/04-1-300x209.png 300w, https:\/\/radiostudiow.com.br\/site\/wp-content\/uploads\/2024\/09\/04-1-768x535.png 768w, https:\/\/radiostudiow.com.br\/site\/wp-content\/uploads\/2024\/09\/04-1.png 1260w\" sizes=\"auto, (max-width: 1024px) 100vw, 1024px\" \/><\/figure>\n\n\n\n<p>Para evitar o agravamento desses inc\u00eandios, especialistas recomendam que a popula\u00e7\u00e3o evite realizar queimadas em qualquer circunst\u00e2ncia, especialmente durante per\u00edodos de seca. Manter \u00e1reas limpas ao redor de resid\u00eancias e propriedades, removendo materiais inflam\u00e1veis como folhas secas e galhos. Em caso de inc\u00eandio, \u00e9 essencial acionar o Corpo de Bombeiros imediatamente e, se poss\u00edvel, tentar conter o fogo sem colocar sua seguran\u00e7a em risco.<\/p>\n\n\n\n<figure class=\"wp-block-image size-full is-resized\"><img loading=\"lazy\" decoding=\"async\" width=\"900\" height=\"408\" src=\"https:\/\/radiostudiow.com.br\/site\/wp-content\/uploads\/2024\/08\/image-64.png\" alt=\"\" class=\"wp-image-26531\" style=\"width:573px;height:auto\" srcset=\"https:\/\/radiostudiow.com.br\/site\/wp-content\/uploads\/2024\/08\/image-64.png 900w, https:\/\/radiostudiow.com.br\/site\/wp-content\/uploads\/2024\/08\/image-64-300x136.png 300w, https:\/\/radiostudiow.com.br\/site\/wp-content\/uploads\/2024\/08\/image-64-768x348.png 768w\" sizes=\"auto, (max-width: 900px) 100vw, 900px\" \/><\/figure>\n\n\n\n<figure class=\"wp-block-image size-large\"><img loading=\"lazy\" decoding=\"async\" width=\"1024\" height=\"768\" src=\"https:\/\/radiostudiow.com.br\/site\/wp-content\/uploads\/2024\/09\/05-1-1024x768.png\" alt=\"\" class=\"wp-image-27264\" srcset=\"https:\/\/radiostudiow.com.br\/site\/wp-content\/uploads\/2024\/09\/05-1-1024x768.png 1024w, https:\/\/radiostudiow.com.br\/site\/wp-content\/uploads\/2024\/09\/05-1-300x225.png 300w, https:\/\/radiostudiow.com.br\/site\/wp-content\/uploads\/2024\/09\/05-1-768x576.png 768w, https:\/\/radiostudiow.com.br\/site\/wp-content\/uploads\/2024\/09\/05-1-1536x1152.png 1536w, https:\/\/radiostudiow.com.br\/site\/wp-content\/uploads\/2024\/09\/05-1.png 1600w\" sizes=\"auto, (max-width: 1024px) 100vw, 1024px\" \/><\/figure>\n\n\n\n<figure class=\"wp-block-video\"><video controls src=\"https:\/\/radiostudiow.com.br\/site\/wp-content\/uploads\/2024\/09\/TV.mp4\"><\/video><\/figure>\n\n\n\n<p>Fonte: Portal Comunique<\/p>\n","protected":false},"excerpt":{"rendered":"<p>Os inc\u00eandios ambientais em In\u00e1cio Martins, tanto em \u00e1reas urbanas quanto rurais, seguem preocupando a popula\u00e7\u00e3o local. A combina\u00e7\u00e3o da falta de chuvas e da vegeta\u00e7\u00e3o seca tem contribu\u00eddo para o aumento desses focos. Somente no \u00faltimo domingo (08), dois inc\u00eandios foram registrados, um na comunidade rural de G\u00f3es Artigas e outro em uma fazenda [&hellip;]<\/p>\n","protected":false},"author":2,"featured_media":27265,"comment_status":"open","ping_status":"open","sticky":false,"template":"","format":"standard","meta":{"footnotes":""},"categories":[185],"tags":[],"class_list":["post-27216","post","type-post","status-publish","format-standard","has-post-thumbnail","hentry","category-regional"],"amp_enabled":true,"_links":{"self":[{"href":"https:\/\/radiostudiow.com.br\/site\/wp-json\/wp\/v2\/posts\/27216","targetHints":{"allow":["GET"]}}],"collection":[{"href":"https:\/\/radiostudiow.com.br\/site\/wp-json\/wp\/v2\/posts"}],"about":[{"href":"https:\/\/radiostudiow.com.br\/site\/wp-json\/wp\/v2\/types\/post"}],"author":[{"embeddable":true,"href":"https:\/\/radiostudiow.com.br\/site\/wp-json\/wp\/v2\/users\/2"}],"replies":[{"embeddable":true,"href":"https:\/\/radiostudiow.com.br\/site\/wp-json\/wp\/v2\/comments?post=27216"}],"version-history":[{"count":4,"href":"https:\/\/radiostudiow.com.br\/site\/wp-json\/wp\/v2\/posts\/27216\/revisions"}],"predecessor-version":[{"id":27280,"href":"https:\/\/radiostudiow.com.br\/site\/wp-json\/wp\/v2\/posts\/27216\/revisions\/27280"}],"wp:featuredmedia":[{"embeddable":true,"href":"https:\/\/radiostudiow.com.br\/site\/wp-json\/wp\/v2\/media\/27265"}],"wp:attachment":[{"href":"https:\/\/radiostudiow.com.br\/site\/wp-json\/wp\/v2\/media?parent=27216"}],"wp:term":[{"taxonomy":"category","embeddable":true,"href":"https:\/\/radiostudiow.com.br\/site\/wp-json\/wp\/v2\/categories?post=27216"},{"taxonomy":"post_tag","embeddable":true,"href":"https:\/\/radiostudiow.com.br\/site\/wp-json\/wp\/v2\/tags?post=27216"}],"curies":[{"name":"wp","href":"https:\/\/api.w.org\/{rel}","templated":true}]}}