{"id":27218,"date":"2024-09-11T09:21:55","date_gmt":"2024-09-11T12:21:55","guid":{"rendered":"https:\/\/radiostudiow.com.br\/site\/?p=27218"},"modified":"2025-01-31T14:58:28","modified_gmt":"2025-01-31T17:58:28","slug":"boletim-semanal-da-dengue-confirma-278-novos-casos-da-doenca-no-parana","status":"publish","type":"post","link":"https:\/\/radiostudiow.com.br\/site\/2024\/09\/11\/boletim-semanal-da-dengue-confirma-278-novos-casos-da-doenca-no-parana\/","title":{"rendered":"Boletim semanal da dengue confirma 278 novos casos da doen\u00e7a no Paran\u00e1"},"content":{"rendered":"\n<p>A Secretaria de Estado da Sa\u00fade (Sesa), por meio da Coordenadoria Estadual de Vigil\u00e2ncia Ambiental, publicou nesta ter\u00e7a-feira (10) o novo informe semanal da dengue. Foram registrados mais 278 casos, sem nenhum \u00f3bito na \u00faltima semana.<\/p>\n\n\n\n<p>Somados os dados do novo per\u00edodo epidemiol\u00f3gico, iniciado em 28 de julho de 2024, o Paran\u00e1 contabiliza 10.143 notifica\u00e7\u00f5es, 1.389 diagn\u00f3sticos confirmados, sem mortes em decorr\u00eancia da doen\u00e7a.<\/p>\n\n\n\n<div class=\"wp-block-media-text is-stacked-on-mobile\"><figure class=\"wp-block-media-text__media\"><img decoding=\"async\" src=\"https:\/\/radiostudiow.com.br\/site\/wp-content\/uploads\/2024\/05\/LABIRATI-1024x1024.png\" alt=\"\" class=\"wp-image-22265 size-full\"\/><\/figure><div class=\"wp-block-media-text__content\">\n<p>A Labirati cuida da sua sa\u00fade!<br>\ud83d\udccdRua Major Estev\u00e3o &#8211; 208 &#8211; Centro &#8211; Mallet &#8211; PR &#8211; em frente a antiga prefeitura<br>\ud83d\udcde 42 99866-8578 | 42 3542-1001<\/p>\n<\/div><\/div>\n\n\n\n<p>No total, 306 munic\u00edpios j\u00e1 registraram notifica\u00e7\u00f5es de dengue, transmitida pelo mosquito&nbsp;Aedes aegypti, e 175 possuem casos confirmados.<\/p>\n\n\n\n<p><strong>OUTRAS ARBOVIROSES&nbsp;\u2013&nbsp;<\/strong>Chikungunya e Zika tamb\u00e9m s\u00e3o transmitidas pelo mesmo mosquito e as informa\u00e7\u00f5es referentes a essas doen\u00e7as s\u00e3o apresentadas no mesmo documento. Neste per\u00edodo n\u00e3o foram confirmados casos de chikungunya, sendo registradas 58 notifica\u00e7\u00f5es da doen\u00e7a no Estado. N\u00e3o h\u00e1 notifica\u00e7\u00f5es de zika v\u00edrus at\u00e9 o momento neste novo per\u00edodo epidemiol\u00f3gico.<\/p>\n\n\n\n<p>Confira o boletim semanal completo&nbsp;<a href=\"https:\/\/www.documentador.pr.gov.br\/documentador\/pub.do?action=d&amp;uuid=@gtf-escriba-sesa@d353991b-c38d-4d6e-a84c-b0863c45c34d&amp;emPg=true\" target=\"_blank\" rel=\"noreferrer noopener\"><strong>AQUI<\/strong><\/a>. Mais informa\u00e7\u00f5es sobre a dengue est\u00e3o neste&nbsp;<a href=\"https:\/\/www.dengue.pr.gov.br\/Pagina\/Boletins-da-Dengue\" target=\"_blank\" rel=\"noreferrer noopener\"><strong>LINK<\/strong><\/a>.<\/p>\n","protected":false},"excerpt":{"rendered":"<p>A Secretaria de Estado da Sa\u00fade (Sesa), por meio da Coordenadoria Estadual de Vigil\u00e2ncia Ambiental, publicou nesta ter\u00e7a-feira (10) o novo informe semanal da dengue. Foram registrados mais 278 casos, sem nenhum \u00f3bito na \u00faltima semana. Somados os dados do novo per\u00edodo epidemiol\u00f3gico, iniciado em 28 de julho de 2024, o Paran\u00e1 contabiliza 10.143 notifica\u00e7\u00f5es, [&hellip;]<\/p>\n","protected":false},"author":2,"featured_media":23432,"comment_status":"open","ping_status":"open","sticky":false,"template":"","format":"standard","meta":{"footnotes":""},"categories":[182],"tags":[172],"class_list":["post-27218","post","type-post","status-publish","format-standard","has-post-thumbnail","hentry","category-saude","tag-featured"],"amp_enabled":true,"_links":{"self":[{"href":"https:\/\/radiostudiow.com.br\/site\/wp-json\/wp\/v2\/posts\/27218","targetHints":{"allow":["GET"]}}],"collection":[{"href":"https:\/\/radiostudiow.com.br\/site\/wp-json\/wp\/v2\/posts"}],"about":[{"href":"https:\/\/radiostudiow.com.br\/site\/wp-json\/wp\/v2\/types\/post"}],"author":[{"embeddable":true,"href":"https:\/\/radiostudiow.com.br\/site\/wp-json\/wp\/v2\/users\/2"}],"replies":[{"embeddable":true,"href":"https:\/\/radiostudiow.com.br\/site\/wp-json\/wp\/v2\/comments?post=27218"}],"version-history":[{"count":2,"href":"https:\/\/radiostudiow.com.br\/site\/wp-json\/wp\/v2\/posts\/27218\/revisions"}],"predecessor-version":[{"id":27268,"href":"https:\/\/radiostudiow.com.br\/site\/wp-json\/wp\/v2\/posts\/27218\/revisions\/27268"}],"wp:featuredmedia":[{"embeddable":true,"href":"https:\/\/radiostudiow.com.br\/site\/wp-json\/wp\/v2\/media\/23432"}],"wp:attachment":[{"href":"https:\/\/radiostudiow.com.br\/site\/wp-json\/wp\/v2\/media?parent=27218"}],"wp:term":[{"taxonomy":"category","embeddable":true,"href":"https:\/\/radiostudiow.com.br\/site\/wp-json\/wp\/v2\/categories?post=27218"},{"taxonomy":"post_tag","embeddable":true,"href":"https:\/\/radiostudiow.com.br\/site\/wp-json\/wp\/v2\/tags?post=27218"}],"curies":[{"name":"wp","href":"https:\/\/api.w.org\/{rel}","templated":true}]}}