{"id":2723,"date":"2021-07-02T17:27:05","date_gmt":"2021-07-02T20:27:05","guid":{"rendered":"https:\/\/radiostudiow.com.br\/site\/?p=2723"},"modified":"2025-01-15T11:54:13","modified_gmt":"2025-01-15T14:54:13","slug":"homem-e-encontrado-enforcado-em-general-carneiro","status":"publish","type":"post","link":"https:\/\/radiostudiow.com.br\/site\/2021\/07\/02\/homem-e-encontrado-enforcado-em-general-carneiro\/","title":{"rendered":"Homem \u00e9 encontrado enforcado em General Carneiro"},"content":{"rendered":"\n<p>Pol\u00edcia Militar do 27\u00ba Batalh\u00e3o foi acionada ap\u00f3s um homem de 55 anos de idade ser encontrado enforcado na noite desta quinta-feira, 01 de julho, na cidade de General Carneiro.<\/p>\n\n\n\n<p>De acordo com informa\u00e7\u00f5es apuradas pela reportagem, o homem estava desaparecido h\u00e1 algumas horas e foi encontrado com uma corda no pesco\u00e7o pendurado j\u00e1 sem vida em um bar que estava em constru\u00e7\u00e3o na entrada da cidade.<\/p>\n\n\n\n<p>O nome da v\u00edtima n\u00e3o foi divulgado oficialmente at\u00e9 o momento. O corpo foi recolhido pelo Instituto M\u00e9dico Legal \u2013 IML de Uni\u00e3o da Vit\u00f3ria. O que motivou os fatos n\u00e3o foram divulgados. A Pol\u00edcia tamb\u00e9m n\u00e3o emitiu maiores detalhes sobre a situa\u00e7\u00e3o.<\/p>\n\n\n\n<figure class=\"wp-block-image size-large\"><img decoding=\"async\" src=\"https:\/\/radiostudiow.com.br\/site\/wp-content\/uploads\/2021\/06\/BAHNIUK-1.jpg\" alt=\"\" class=\"wp-image-2508\"\/><\/figure>\n","protected":false},"excerpt":{"rendered":"<p>Pol\u00edcia Militar do 27\u00ba Batalh\u00e3o foi acionada ap\u00f3s um homem de 55 anos de idade ser encontrado enforcado na noite desta quinta-feira, 01 de julho, na cidade de General Carneiro. De acordo com informa\u00e7\u00f5es apuradas pela reportagem, o homem estava desaparecido h\u00e1 algumas horas e foi encontrado com uma corda no pesco\u00e7o pendurado j\u00e1 sem [&hellip;]<\/p>\n","protected":false},"author":2,"featured_media":2335,"comment_status":"open","ping_status":"open","sticky":false,"template":"","format":"standard","meta":{"footnotes":""},"categories":[2],"tags":[172],"class_list":["post-2723","post","type-post","status-publish","format-standard","has-post-thumbnail","hentry","category-policial","tag-featured"],"amp_enabled":true,"_links":{"self":[{"href":"https:\/\/radiostudiow.com.br\/site\/wp-json\/wp\/v2\/posts\/2723","targetHints":{"allow":["GET"]}}],"collection":[{"href":"https:\/\/radiostudiow.com.br\/site\/wp-json\/wp\/v2\/posts"}],"about":[{"href":"https:\/\/radiostudiow.com.br\/site\/wp-json\/wp\/v2\/types\/post"}],"author":[{"embeddable":true,"href":"https:\/\/radiostudiow.com.br\/site\/wp-json\/wp\/v2\/users\/2"}],"replies":[{"embeddable":true,"href":"https:\/\/radiostudiow.com.br\/site\/wp-json\/wp\/v2\/comments?post=2723"}],"version-history":[{"count":1,"href":"https:\/\/radiostudiow.com.br\/site\/wp-json\/wp\/v2\/posts\/2723\/revisions"}],"predecessor-version":[{"id":2724,"href":"https:\/\/radiostudiow.com.br\/site\/wp-json\/wp\/v2\/posts\/2723\/revisions\/2724"}],"wp:featuredmedia":[{"embeddable":true,"href":"https:\/\/radiostudiow.com.br\/site\/wp-json\/wp\/v2\/media\/2335"}],"wp:attachment":[{"href":"https:\/\/radiostudiow.com.br\/site\/wp-json\/wp\/v2\/media?parent=2723"}],"wp:term":[{"taxonomy":"category","embeddable":true,"href":"https:\/\/radiostudiow.com.br\/site\/wp-json\/wp\/v2\/categories?post=2723"},{"taxonomy":"post_tag","embeddable":true,"href":"https:\/\/radiostudiow.com.br\/site\/wp-json\/wp\/v2\/tags?post=2723"}],"curies":[{"name":"wp","href":"https:\/\/api.w.org\/{rel}","templated":true}]}}