{"id":27231,"date":"2024-09-10T17:48:55","date_gmt":"2024-09-10T20:48:55","guid":{"rendered":"https:\/\/radiostudiow.com.br\/site\/?p=27231"},"modified":"2025-01-31T14:58:29","modified_gmt":"2025-01-31T17:58:29","slug":"estado-seleciona-professores-para-programa-de-formacao-para-as-redes-municipais","status":"publish","type":"post","link":"https:\/\/radiostudiow.com.br\/site\/2024\/09\/10\/estado-seleciona-professores-para-programa-de-formacao-para-as-redes-municipais\/","title":{"rendered":"Estado seleciona professores para programa de forma\u00e7\u00e3o para as redes municipais"},"content":{"rendered":"\n<p>A Secretaria da Educa\u00e7\u00e3o do Paran\u00e1 (SEED-PR) anunciou nesta ter\u00e7a-feira (10) a abertura de inscri\u00e7\u00f5es para o<strong><a href=\"https:\/\/concurso.fapec.org\/single-edital.php?new_id=216\" target=\"_blank\" rel=\"noreferrer noopener\">&nbsp;edital n\u00ba 018\/2024<\/a>&nbsp;<\/strong>referente ao Programa Formadores em A\u00e7\u00e3o nos Munic\u00edpios.&nbsp;Criado pela pasta, ele oportuniza a troca de experi\u00eancias e aprendizado entre pares. Ou seja, professores lideram grupos de estudo formados por docentes de mesmas disciplinas e \u00e1reas de conhecimento. Iniciado na rede estadual, o programa \u00e9 ofertado, tamb\u00e9m, \u00e0 rede de ensino dos munic\u00edpios.<\/p>\n\n\n\n<figure class=\"wp-block-image size-full\"><img loading=\"lazy\" decoding=\"async\" width=\"598\" height=\"204\" src=\"https:\/\/radiostudiow.com.br\/site\/wp-content\/uploads\/2024\/09\/AFUBRA.png\" alt=\"\" class=\"wp-image-27135\" srcset=\"https:\/\/radiostudiow.com.br\/site\/wp-content\/uploads\/2024\/09\/AFUBRA.png 598w, https:\/\/radiostudiow.com.br\/site\/wp-content\/uploads\/2024\/09\/AFUBRA-300x102.png 300w\" sizes=\"auto, (max-width: 598px) 100vw, 598px\" \/><\/figure>\n\n\n\n<p>O edital tem como objetivo selecionar profissionais experientes em gest\u00e3o escolar e doc\u00eancia nos anos iniciais do Ensino Fundamental (1\u00ba ao 5\u00ba ano), com \u00eanfase em L\u00edngua Portuguesa\/Alfabetiza\u00e7\u00e3o e Matem\u00e1tica. Ser\u00e3o oferecidas 25 vagas para gestores educacionais e 40 vagas para professores dos anos iniciais. Os selecionados atuar\u00e3o como formadores em grupos de estudo, com encontros semanais via Google Meet, com dura\u00e7\u00e3o de 1 hora e 40 minutos cada.<\/p>\n\n\n\n<p>O secret\u00e1rio estadual da Educa\u00e7\u00e3o, Roni Miranda, lembra que a iniciativa promove a forma\u00e7\u00e3o continuada de professores da rede municipal de ensino, fortalecendo a colabora\u00e7\u00e3o entre o governo estadual e os munic\u00edpios para elevar a qualidade da educa\u00e7\u00e3o em todas as suas etapas.<\/p>\n\n\n\n<figure class=\"wp-block-image size-full\"><img loading=\"lazy\" decoding=\"async\" width=\"897\" height=\"204\" src=\"https:\/\/radiostudiow.com.br\/site\/wp-content\/uploads\/2024\/08\/TIJOLAO.png\" alt=\"\" class=\"wp-image-25951\" srcset=\"https:\/\/radiostudiow.com.br\/site\/wp-content\/uploads\/2024\/08\/TIJOLAO.png 897w, https:\/\/radiostudiow.com.br\/site\/wp-content\/uploads\/2024\/08\/TIJOLAO-300x68.png 300w, https:\/\/radiostudiow.com.br\/site\/wp-content\/uploads\/2024\/08\/TIJOLAO-768x175.png 768w\" sizes=\"auto, (max-width: 897px) 100vw, 897px\" \/><\/figure>\n\n\n\n<p><em><strong>\u201cO\u00a0Formadores em A\u00e7\u00e3o \u00e9 uma iniciativa fundamental para aprimorar a pr\u00e1tica pedag\u00f3gica dos nossos professores e garantir que todos os alunos da rede p\u00fablica tenham acesso a uma educa\u00e7\u00e3o de alta qualidade. Com a expans\u00e3o das tem\u00e1ticas abordadas, estamos fortalecendo ainda mais o nosso compromisso com a educa\u00e7\u00e3o em todos os munic\u00edpios do Paran\u00e1\u201d, afirma.\u00a0<\/strong><\/em><\/p>\n\n\n\n<p>As inscri\u00e7\u00f5es para o processo seletivo estar\u00e3o abertas at\u00e9 o dia 4 de outubro de 2024 e devem ser realizadas atrav\u00e9s do site da FAPEC. O edital completo e todas as informa\u00e7\u00f5es necess\u00e1rias est\u00e3o dispon\u00edveis&nbsp;<strong><a href=\"https:\/\/concurso.fapec.org\/single-edital.php?new_id=216\" target=\"_blank\" rel=\"noreferrer noopener\">AQUI<\/a>.<\/strong><\/p>\n","protected":false},"excerpt":{"rendered":"<p>A Secretaria da Educa\u00e7\u00e3o do Paran\u00e1 (SEED-PR) anunciou nesta ter\u00e7a-feira (10) a abertura de inscri\u00e7\u00f5es para o&nbsp;edital n\u00ba 018\/2024&nbsp;referente ao Programa Formadores em A\u00e7\u00e3o nos Munic\u00edpios.&nbsp;Criado pela pasta, ele oportuniza a troca de experi\u00eancias e aprendizado entre pares. Ou seja, professores lideram grupos de estudo formados por docentes de mesmas disciplinas e \u00e1reas de conhecimento. [&hellip;]<\/p>\n","protected":false},"author":2,"featured_media":27232,"comment_status":"open","ping_status":"open","sticky":false,"template":"","format":"standard","meta":{"footnotes":""},"categories":[7],"tags":[172],"class_list":["post-27231","post","type-post","status-publish","format-standard","has-post-thumbnail","hentry","category-geral","tag-featured"],"amp_enabled":true,"_links":{"self":[{"href":"https:\/\/radiostudiow.com.br\/site\/wp-json\/wp\/v2\/posts\/27231","targetHints":{"allow":["GET"]}}],"collection":[{"href":"https:\/\/radiostudiow.com.br\/site\/wp-json\/wp\/v2\/posts"}],"about":[{"href":"https:\/\/radiostudiow.com.br\/site\/wp-json\/wp\/v2\/types\/post"}],"author":[{"embeddable":true,"href":"https:\/\/radiostudiow.com.br\/site\/wp-json\/wp\/v2\/users\/2"}],"replies":[{"embeddable":true,"href":"https:\/\/radiostudiow.com.br\/site\/wp-json\/wp\/v2\/comments?post=27231"}],"version-history":[{"count":1,"href":"https:\/\/radiostudiow.com.br\/site\/wp-json\/wp\/v2\/posts\/27231\/revisions"}],"predecessor-version":[{"id":27233,"href":"https:\/\/radiostudiow.com.br\/site\/wp-json\/wp\/v2\/posts\/27231\/revisions\/27233"}],"wp:featuredmedia":[{"embeddable":true,"href":"https:\/\/radiostudiow.com.br\/site\/wp-json\/wp\/v2\/media\/27232"}],"wp:attachment":[{"href":"https:\/\/radiostudiow.com.br\/site\/wp-json\/wp\/v2\/media?parent=27231"}],"wp:term":[{"taxonomy":"category","embeddable":true,"href":"https:\/\/radiostudiow.com.br\/site\/wp-json\/wp\/v2\/categories?post=27231"},{"taxonomy":"post_tag","embeddable":true,"href":"https:\/\/radiostudiow.com.br\/site\/wp-json\/wp\/v2\/tags?post=27231"}],"curies":[{"name":"wp","href":"https:\/\/api.w.org\/{rel}","templated":true}]}}