{"id":27238,"date":"2024-09-11T09:26:07","date_gmt":"2024-09-11T12:26:07","guid":{"rendered":"https:\/\/radiostudiow.com.br\/site\/?p=27238"},"modified":"2025-01-31T14:58:28","modified_gmt":"2025-01-31T17:58:28","slug":"homem-ameaca-atear-fogo-na-casa-da-tia-enquanto-vitima-dorme","status":"publish","type":"post","link":"https:\/\/radiostudiow.com.br\/site\/2024\/09\/11\/homem-ameaca-atear-fogo-na-casa-da-tia-enquanto-vitima-dorme\/","title":{"rendered":"Homem amea\u00e7a atear fogo na casa da tia enquanto v\u00edtima dorme"},"content":{"rendered":"\n<p>A equipe da Pol\u00edcia Militar de Cruz Machado foi acionada ap\u00f3s um homem amea\u00e7ar matar a pr\u00f3pria tia ao atear fogo na resid\u00eancia. A situa\u00e7\u00e3o foi registrada por volta das 09:30 horas dessa segunda-feira (09).<\/p>\n\n\n\n<figure class=\"wp-block-image size-large is-resized\"><img decoding=\"async\" src=\"https:\/\/radiostudiow.com.br\/site\/wp-content\/uploads\/2024\/05\/86140-nacional-tv-coops-comunicacao-interna-pos-campanha-de-educacao-financeira-2024-1-1024x576.png\" alt=\"\" class=\"wp-image-23087\" style=\"width:576px;height:auto\"\/><\/figure>\n\n\n\n<p>Segundo informa\u00e7\u00f5es, o homem que j\u00e1 possu\u00ed uma medida protetiva em seu desfavor, n\u00e3o deveria se aproximar da familiar, entretanto, foi at\u00e9 a casa dela e proferiu amea\u00e7as, dizendo que atearia fogo na casa enquanto a v\u00edtima estivesse dormindo.<\/p>\n\n\n\n<p>A Pol\u00edcia foi acionada e no local repassou orienta\u00e7\u00f5es \u00e0 v\u00edtima para que procure a Delegacia da Mulher em Uni\u00e3o da Vit\u00f3ria. Tamb\u00e9m fez buscas pelo suspeito que n\u00e3o foi encontrado.<\/p>\n\n\n\n<p><a href=\"https:\/\/web.whatsapp.com\/send?text=Homem%20amea%C3%A7a%20atear%20fogo%20na%20casa%20da%20tia%20enquanto%20v%C3%ADtima%20dorme%20%E2%98%9B%20https%3A%2F%2Fcanal4.tv.br%2F2024%2F09%2F10%2Fhomem-ameaca-atear-fogo-na-casa-da-tia-enquanto-vitima-dorme%2F%3Ffbclid%3DIwY2xjawFNj0JleHRuA2FlbQIxMQABHRkUi77Llg9jJrucmb5OL4mv3Jbqwys5GcRfYBGOzU9yFqsSSsnJYPVCcg_aem_wOLfpP0X8PcgIfc4gw2Lig\" target=\"_blank\" rel=\"noreferrer noopener\"><\/a><\/p>\n\n\n\n<p><a href=\"javascript:void(0);\"><\/a><\/p>\n","protected":false},"excerpt":{"rendered":"<p>A equipe da Pol\u00edcia Militar de Cruz Machado foi acionada ap\u00f3s um homem amea\u00e7ar matar a pr\u00f3pria tia ao atear fogo na resid\u00eancia. A situa\u00e7\u00e3o foi registrada por volta das 09:30 horas dessa segunda-feira (09). Segundo informa\u00e7\u00f5es, o homem que j\u00e1 possu\u00ed uma medida protetiva em seu desfavor, n\u00e3o deveria se aproximar da familiar, entretanto, [&hellip;]<\/p>\n","protected":false},"author":2,"featured_media":16838,"comment_status":"open","ping_status":"open","sticky":false,"template":"","format":"standard","meta":{"footnotes":""},"categories":[2],"tags":[172],"class_list":["post-27238","post","type-post","status-publish","format-standard","has-post-thumbnail","hentry","category-policial","tag-featured"],"amp_enabled":true,"_links":{"self":[{"href":"https:\/\/radiostudiow.com.br\/site\/wp-json\/wp\/v2\/posts\/27238","targetHints":{"allow":["GET"]}}],"collection":[{"href":"https:\/\/radiostudiow.com.br\/site\/wp-json\/wp\/v2\/posts"}],"about":[{"href":"https:\/\/radiostudiow.com.br\/site\/wp-json\/wp\/v2\/types\/post"}],"author":[{"embeddable":true,"href":"https:\/\/radiostudiow.com.br\/site\/wp-json\/wp\/v2\/users\/2"}],"replies":[{"embeddable":true,"href":"https:\/\/radiostudiow.com.br\/site\/wp-json\/wp\/v2\/comments?post=27238"}],"version-history":[{"count":2,"href":"https:\/\/radiostudiow.com.br\/site\/wp-json\/wp\/v2\/posts\/27238\/revisions"}],"predecessor-version":[{"id":27271,"href":"https:\/\/radiostudiow.com.br\/site\/wp-json\/wp\/v2\/posts\/27238\/revisions\/27271"}],"wp:featuredmedia":[{"embeddable":true,"href":"https:\/\/radiostudiow.com.br\/site\/wp-json\/wp\/v2\/media\/16838"}],"wp:attachment":[{"href":"https:\/\/radiostudiow.com.br\/site\/wp-json\/wp\/v2\/media?parent=27238"}],"wp:term":[{"taxonomy":"category","embeddable":true,"href":"https:\/\/radiostudiow.com.br\/site\/wp-json\/wp\/v2\/categories?post=27238"},{"taxonomy":"post_tag","embeddable":true,"href":"https:\/\/radiostudiow.com.br\/site\/wp-json\/wp\/v2\/tags?post=27238"}],"curies":[{"name":"wp","href":"https:\/\/api.w.org\/{rel}","templated":true}]}}