{"id":27245,"date":"2024-09-10T18:51:53","date_gmt":"2024-09-10T21:51:53","guid":{"rendered":"https:\/\/radiostudiow.com.br\/site\/?p=27245"},"modified":"2025-01-31T14:58:29","modified_gmt":"2025-01-31T17:58:29","slug":"menina-de-04-anos-perde-uma-das-pernas-apos-tomar-injecao","status":"publish","type":"post","link":"https:\/\/radiostudiow.com.br\/site\/2024\/09\/10\/menina-de-04-anos-perde-uma-das-pernas-apos-tomar-injecao\/","title":{"rendered":"Menina de 04 anos perde uma das pernas ap\u00f3s tomar inje\u00e7\u00e3o"},"content":{"rendered":"\n<p>No posto, a m\u00e9dica que a atendeu receitou uma dose de Benzetacil, medicamento injet\u00e1vel que trata, entre outras doen\u00e7as, de inflama\u00e7\u00f5es na garganta. A inje\u00e7\u00e3o tem fama de ser uma das mais doloridas. Veridiane diz que nem sabia qual era o medicamento. Certa de que a inje\u00e7\u00e3o aliviaria a dor da filha, voltou a deix\u00e1-la na casa da bab\u00e1.<\/p>\n\n\n\n<p>Poucos minutos depois, o estado de Melissa piorou. A m\u00e3e saiu do trabalho e foi ver a filha, que j\u00e1 apresentava manchas roxas pela perna.<\/p>\n\n\n\n<figure class=\"wp-block-image size-full\"><img decoding=\"async\" src=\"https:\/\/radiostudiow.com.br\/site\/wp-content\/uploads\/2024\/04\/image-58.png\" alt=\"\" class=\"wp-image-21416\"\/><\/figure>\n\n\n\n<p>Veridiane levou Melissa novamente ao posto, mas a m\u00e9dica falou que era alergia. Tranquilizada pela profissional, a m\u00e3e levou a filha para casa. Quando seu marido, o pedreiro Juc\u00e9lio Pereira, chegou no fim do dia em casa e viu que a suposta alergia s\u00f3 aumentava, decidiu levar Melissa ao Pronto Atendimento de Tr\u00eas Barras. O m\u00e9dico que a atendeu falou que era \u201cuma simples alergia\u201d e passou medicamento antial\u00e9rgico para ela tomar. J\u00e1 bastante preocupado, o pai perguntou o tempo de rea\u00e7\u00e3o do rem\u00e9dio. <em><strong>\u201cEle (o m\u00e9dico) falou apenas que \u00e9 m\u00e9dico e n\u00e3o tem bola de cristal\u201d, conta Odilene Aparecida Monteiro da Silva, madrinha de Melissa.<\/strong><\/em> Os pais da menina estavam t\u00e3o abalados que n\u00e3o conseguiram conversar com a reportagem, confiando a Odilene o relato dos fatos.<\/p>\n\n\n\n<p>Sem alternativa, os pais voltaram para casa. Melissa seguia chorando e o aspecto arroxeado da perna da menina s\u00f3 aumentava. No s\u00e1bado, 31, a situa\u00e7\u00e3o s\u00f3 piorava e foi ent\u00e3o que os pais retornaram ao Pronto Atendimento de Tr\u00eas Barras. Outra m\u00e9dica os atendeu e, assustada com a gravidade do caso, encaminhou Melissa de imediato para o Hospital Materno Infantil Jesse Amarante, de Joinville.<\/p>\n\n\n\n<p>Segundo a fam\u00edlia, Melissa teve duas paradas card\u00edacas no caminho. No hospital, foi feita uma tomografia que atestou que a circula\u00e7\u00e3o da perna da menina estava comprometida e que seu cora\u00e7\u00e3o e f\u00edgado estavam parando. Segundo a fam\u00edlia, os m\u00e9dicos disseram que provavelmente a inje\u00e7\u00e3o foi aplicada na veia ou art\u00e9ria femoral da menina. Ela foi levada imediatamente para o centro cir\u00fargico. Naquele s\u00e1bado, 31, ela faria a primeira de uma s\u00e9rie de cinco cirurgias.<\/p>\n\n\n\n<p>No domingo, dia 1\u00ba, n\u00e3o houve alternativa a n\u00e3o ser amputar a perna da menina. A amputa\u00e7\u00e3o chega a virilha de Melissa. <strong><em>\u201cFizeram quatro cirurgias para tentar manter a perna dela, mas n\u00e3o foi poss\u00edvel. Na quinta cirurgia os m\u00e9dicos disseram que precisavam evitar trombose, que era a vida dela ou a perna. Entre a vida e a perna, preferimos a vida dela\u201d, conta a madrinha.<\/em><\/strong><\/p>\n\n\n\n<p>A reportagem ouviu enfermeiros e profissionais da medicina que explicaram que n\u00e3o \u00e9 errado aplicar Benzetacil na perna de crian\u00e7as, dado o fato de que os m\u00fasculos das n\u00e1degas n\u00e3o estarem bem desenvolvidos. Contudo, a agulha tem de ser aplicada em um ponto espec\u00edfico do m\u00fasculo, evitando atingir art\u00e9rias, veias e ligamentos. A inje\u00e7\u00e3o tem de ser aplicada na regi\u00e3o chamada vasto lateral da coxa.<\/p>\n\n\n\n<figure class=\"wp-block-image size-full\"><img loading=\"lazy\" decoding=\"async\" width=\"897\" height=\"204\" src=\"https:\/\/radiostudiow.com.br\/site\/wp-content\/uploads\/2024\/04\/image-51.png\" alt=\"\" class=\"wp-image-21370\" srcset=\"https:\/\/radiostudiow.com.br\/site\/wp-content\/uploads\/2024\/04\/image-51.png 897w, https:\/\/radiostudiow.com.br\/site\/wp-content\/uploads\/2024\/04\/image-51-300x68.png 300w, https:\/\/radiostudiow.com.br\/site\/wp-content\/uploads\/2024\/04\/image-51-768x175.png 768w\" sizes=\"auto, (max-width: 897px) 100vw, 897px\" \/><\/figure>\n\n\n\n<p><strong>RECUPERA\u00c7\u00c3O<\/strong><\/p>\n\n\n\n<p>Os m\u00e9dicos monitoram Melissa a todo momento. Eles buscam evitar que a perna direita da menina tamb\u00e9m seja comprometida. Melissa, que n\u00e3o tinha hist\u00f3rico de nenhuma doen\u00e7a, faz agora sess\u00f5es cont\u00ednuas de hemodi\u00e1lise.<\/p>\n\n\n\n<p>Os m\u00e9dicos estimam que ela precisar\u00e1 ficar internada por pelo menos dois meses, o que demanda dedica\u00e7\u00e3o total dos pais, que alugaram um apartamento em Joinville.<\/p>\n\n\n\n<p><strong>Como tem origem humilde, a fam\u00edlia criou duas vaquinhas virtuais para tentar arrecadar dinheiro para mant\u00ea-los na cidade. As chaves pix para fazer doa\u00e7\u00f5es s\u00e3o: melissaluara11@gmail.com e 096.892.999-05, em nome de Veridiane Aparecida Alves de Lima.<\/strong><\/p>\n\n\n\n<p><strong>CONTRAPONTO<\/strong><\/p>\n\n\n\n<p>A reportagem entrou em contato com a assessoria jur\u00eddica da prefeitura de Tr\u00eas Barras. O Munic\u00edpio informou que deve emitir uma nota oficial sobre o caso assim que estiver conclu\u00edda a apura\u00e7\u00e3o t\u00e9cnica do ocorrido.<\/p>\n\n\n\n<p>A m\u00e9dica que receitou a inje\u00e7\u00e3o entrou em contato com a reportagem e negou que tenha atendido a crian\u00e7a uma segunda vez.<\/p>\n\n\n\n<p><strong>Mat\u00e9ria: Portal Jmais<\/strong><\/p>\n","protected":false},"excerpt":{"rendered":"<p>No posto, a m\u00e9dica que a atendeu receitou uma dose de Benzetacil, medicamento injet\u00e1vel que trata, entre outras doen\u00e7as, de inflama\u00e7\u00f5es na garganta. A inje\u00e7\u00e3o tem fama de ser uma das mais doloridas. Veridiane diz que nem sabia qual era o medicamento. Certa de que a inje\u00e7\u00e3o aliviaria a dor da filha, voltou a deix\u00e1-la [&hellip;]<\/p>\n","protected":false},"author":2,"featured_media":27246,"comment_status":"open","ping_status":"open","sticky":false,"template":"","format":"standard","meta":{"footnotes":""},"categories":[7],"tags":[172],"class_list":["post-27245","post","type-post","status-publish","format-standard","has-post-thumbnail","hentry","category-geral","tag-featured"],"amp_enabled":true,"_links":{"self":[{"href":"https:\/\/radiostudiow.com.br\/site\/wp-json\/wp\/v2\/posts\/27245","targetHints":{"allow":["GET"]}}],"collection":[{"href":"https:\/\/radiostudiow.com.br\/site\/wp-json\/wp\/v2\/posts"}],"about":[{"href":"https:\/\/radiostudiow.com.br\/site\/wp-json\/wp\/v2\/types\/post"}],"author":[{"embeddable":true,"href":"https:\/\/radiostudiow.com.br\/site\/wp-json\/wp\/v2\/users\/2"}],"replies":[{"embeddable":true,"href":"https:\/\/radiostudiow.com.br\/site\/wp-json\/wp\/v2\/comments?post=27245"}],"version-history":[{"count":2,"href":"https:\/\/radiostudiow.com.br\/site\/wp-json\/wp\/v2\/posts\/27245\/revisions"}],"predecessor-version":[{"id":27255,"href":"https:\/\/radiostudiow.com.br\/site\/wp-json\/wp\/v2\/posts\/27245\/revisions\/27255"}],"wp:featuredmedia":[{"embeddable":true,"href":"https:\/\/radiostudiow.com.br\/site\/wp-json\/wp\/v2\/media\/27246"}],"wp:attachment":[{"href":"https:\/\/radiostudiow.com.br\/site\/wp-json\/wp\/v2\/media?parent=27245"}],"wp:term":[{"taxonomy":"category","embeddable":true,"href":"https:\/\/radiostudiow.com.br\/site\/wp-json\/wp\/v2\/categories?post=27245"},{"taxonomy":"post_tag","embeddable":true,"href":"https:\/\/radiostudiow.com.br\/site\/wp-json\/wp\/v2\/tags?post=27245"}],"curies":[{"name":"wp","href":"https:\/\/api.w.org\/{rel}","templated":true}]}}